{"id":27390,"date":"2021-05-18T16:07:08","date_gmt":"2021-05-18T21:07:08","guid":{"rendered":"http:\/\/www.zonaroja.com.mx\/?p=27390"},"modified":"2021-05-18T16:07:11","modified_gmt":"2021-05-18T21:07:11","slug":"asegura-martinez-neri-que-mantiene-campana-austera-y-que-ganara-la-capital","status":"publish","type":"post","link":"https:\/\/zonaroja.com.mx\/?p=27390","title":{"rendered":"Asegura Mart\u00ednez Neri que mantiene campa\u00f1a austera y que ganar\u00e1 la capital"},"content":{"rendered":"\n<p>Yuridiana Sosa\/Zona Roja.<\/p>\n\n\n\n<p>Oaxaca de Ju\u00e1rez, Oax., 18 de mayo de 2021.- Para su campa\u00f1a electoral, Francisco Mart\u00ednez Neri, candidato a presidente municipal de Oaxaca de Ju\u00e1rez por el Partido Morena, asegur\u00f3 que mantiene un presupuesto austero y no rebasar\u00e1 el tope de casi tres millones de pesos.<\/p>\n\n\n\n<p>Sin precisar sobre cu\u00e1nto se ha gastado hasta el momento, en lo que considera un proceso sin derroche, el aspirante a la presidencia capitalina apunt\u00f3 que no invertir\u00e1 en m\u00e1s de lo que se ha destinado y hasta el momento, con dos semanas de campa\u00f1a \u201cse ha gastado menos\u201d.<\/p>\n\n\n\n<p>Los informes de sus gastos los ha presentado ante el Instituto Estatal Electoral y de Participaci\u00f3n Ciudadana de Oaxaca (IEEPCO), quien definir\u00e1 si hubieron rebases, se\u00f1al\u00f3 en conferencia de prensa, donde present\u00f3 avances de su campa\u00f1a.<\/p>\n\n\n\n<p>La limitante del presupuesto, dijo, le impiden actos como la entrega de despensas a cambio del voto y presumi\u00f3 que no ha malgastado el dinero en espectaculares o publicidades innecesarias, y s\u00f3lo ha caminado para presentarse entre la comunidad.<\/p>\n\n\n\n<figure class=\"wp-block-embed-twitter wp-block-embed is-type-rich is-provider-twitter\"><div class=\"wp-block-embed__wrapper\">\n<div class=\"twitter-tweet\"><blockquote class=\"twitter-tweet\" data-lang=\"es\"><p lang=\"es\" dir=\"ltr\"><a href=\"https:\/\/twitter.com\/hashtag\/ENVIVO?src=hash&amp;ref_src=twsrc%5Etfw\">#ENVIVO<\/a> <br>Oaxaca de Ju\u00e1rez al 18 de mayo de 2021.- Conferencia de prensa de Francisco Mart\u00ednez Neri, candidato a presidente municipal de Oaxaca de Ju\u00e1rez por el Partido Morena.<br>Siga aqu\u00ed la transmisi\u00f3n: <br>\ud83d\udc47<a href=\"https:\/\/t.co\/ZXUrKRvuPo\">https:\/\/t.co\/ZXUrKRvuPo<\/a> <a href=\"https:\/\/t.co\/XDW9f1mj2h\">pic.twitter.com\/XDW9f1mj2h<\/a><\/p>&mdash; Zona Roja Oaxaca (@Zona_Roja_Oax) <a href=\"https:\/\/twitter.com\/Zona_Roja_Oax\/status\/1394657177785229318?ref_src=twsrc%5Etfw\">18 de mayo de 2021<\/a><\/blockquote><\/div>\n<\/div><\/figure>\n\n\n\n<p>Mart\u00ednez Neri, sin mencionar su nombre, descalific\u00f3 a Javier Villaca\u00f1a Jim\u00e9nez, candidato de \u201cVa por Oaxaca\u201d por el uso de espectaculares y con quien propuso un debate a dueto, pues \u201chay mucho que preguntar\u201d.<\/p>\n\n\n\n<p>Respecto a la administraci\u00f3n actual que encabeza Oswaldo Garc\u00eda Jarqu\u00edn, de Morena, el candidato reconoci\u00f3 que ha recibido reclamos de la ciudadan\u00eda ante la decepci\u00f3n.<\/p>\n\n\n\n<p>Pero, asegur\u00f3 que las acciones del edil no deben limitar la participaci\u00f3n de los aspirantes del mismo partido, por lo que dijo que de llegar a gobernar se atender\u00e1n de mejor forma las necesidades de la poblaci\u00f3n.<\/p>\n\n\n\n<p>Adem\u00e1s, que de ser necesaria una auditor\u00eda a la administraci\u00f3n de Garc\u00eda Jarqu\u00edn no se opondr\u00eda a la revisi\u00f3n.<\/p>\n\n\n\n<p>Mart\u00ednez Neri presumi\u00f3 sobre las supuestas preferencias que lo apuntalan como el candidato ganador en la contienda. \u201cNo hay otro resultado m\u00e1s que el triunfo\u201d, manifest\u00f3.<\/p>\n","protected":false},"excerpt":{"rendered":"<p>Yuridiana Sosa\/Zona Roja. Oaxaca de Ju\u00e1rez, Oax., 18 de mayo de 2021.- Para su campa\u00f1a&hellip;<\/p>\n","protected":false},"author":2,"featured_media":27391,"comment_status":"closed","ping_status":"open","sticky":false,"template":"","format":"standard","meta":{"_lmt_disableupdate":"","_lmt_disable":"","_jetpack_memberships_contains_paid_content":false,"footnotes":""},"categories":[109,46],"tags":[2418],"class_list":["post-27390","post","type-post","status-publish","format-standard","has-post-thumbnail","hentry","category-minuto-a-minuto","category-zona-blanca","tag-francisco-martinez-neri"],"jetpack_featured_media_url":"https:\/\/zonaroja.com.mx\/wp-content\/uploads\/2021\/05\/Conferencia-Francisco-Martinez-Neri.jpg","jetpack_sharing_enabled":true,"_links":{"self":[{"href":"https:\/\/zonaroja.com.mx\/index.php?rest_route=\/wp\/v2\/posts\/27390","targetHints":{"allow":["GET"]}}],"collection":[{"href":"https:\/\/zonaroja.com.mx\/index.php?rest_route=\/wp\/v2\/posts"}],"about":[{"href":"https:\/\/zonaroja.com.mx\/index.php?rest_route=\/wp\/v2\/types\/post"}],"author":[{"embeddable":true,"href":"https:\/\/zonaroja.com.mx\/index.php?rest_route=\/wp\/v2\/users\/2"}],"replies":[{"embeddable":true,"href":"https:\/\/zonaroja.com.mx\/index.php?rest_route=%2Fwp%2Fv2%2Fcomments&post=27390"}],"version-history":[{"count":1,"href":"https:\/\/zonaroja.com.mx\/index.php?rest_route=\/wp\/v2\/posts\/27390\/revisions"}],"predecessor-version":[{"id":27392,"href":"https:\/\/zonaroja.com.mx\/index.php?rest_route=\/wp\/v2\/posts\/27390\/revisions\/27392"}],"wp:featuredmedia":[{"embeddable":true,"href":"https:\/\/zonaroja.com.mx\/index.php?rest_route=\/wp\/v2\/media\/27391"}],"wp:attachment":[{"href":"https:\/\/zonaroja.com.mx\/index.php?rest_route=%2Fwp%2Fv2%2Fmedia&parent=27390"}],"wp:term":[{"taxonomy":"category","embeddable":true,"href":"https:\/\/zonaroja.com.mx\/index.php?rest_route=%2Fwp%2Fv2%2Fcategories&post=27390"},{"taxonomy":"post_tag","embeddable":true,"href":"https:\/\/zonaroja.com.mx\/index.php?rest_route=%2Fwp%2Fv2%2Ftags&post=27390"}],"curies":[{"name":"wp","href":"https:\/\/api.w.org\/{rel}","templated":true}]}}