{"id":27394,"date":"2021-05-18T18:10:51","date_gmt":"2021-05-18T23:10:51","guid":{"rendered":"https:\/\/www.zonaroja.com.mx\/?p=27394"},"modified":"2021-05-18T18:21:04","modified_gmt":"2021-05-18T23:21:04","slug":"habitantes-de-tequixtepec-mantienen-exigencia-de-justicia-por-feminicidio","status":"publish","type":"post","link":"https:\/\/zonaroja.com.mx\/?p=27394","title":{"rendered":"Habitantes de Tequixtepec mantienen exigencia de justicia por feminicidio"},"content":{"rendered":"\n<p>Evlin Arag\u00f3n\/Zona Roja.&nbsp;<\/p>\n\n\n\n<p>Oaxaca de Ju\u00e1rez, Oax., 18 de mayo de 2021.- Habitantes de&nbsp;San Pedro y San Pablo Tequixtepec bloquearon&nbsp;<a href=\"\/\/0\">este martes<\/a>&nbsp;la carretera Huajuapan-Tehuac\u00e1n, a la altura de dicha comunidad, para exigir de nueva cuenta justicia para Mar\u00eda Paula, mujer asesinada de manera brutal el pasado 5 de mayo.<\/p>\n\n\n\n<p>\u201cExigimos la captura del asesino de Mar\u00eda Paula\u201d y \u201cJusticia para Mar\u00eda\u201d, fueron las principales consignas de la movilizaci\u00f3n que se registr\u00f3&nbsp;<a href=\"\/\/1\">este martes<\/a>&nbsp;en la regi\u00f3n de la Mixteca.&nbsp;<\/p>\n\n\n\n<p>Ah\u00ed pidieron la presencia del representante de la Secretar\u00eda General de Gobierno a fin de apresurar la localizaci\u00f3n del responsable del feminicidio, el cual aseguran est\u00e1 plenamente identificado, sin embargo, se dio a la fuga. &nbsp;<\/p>\n\n\n\n<p>La protesta tambi\u00e9n fue trasladada a las afueras del palacio municipal, en donde decenas de personas, respetando la sana distancia y con pancarta en mano, respaldaron la exigencia de la familia que desde hace una semana ha pedido justicia y castigo al responsable.&nbsp;<\/p>\n\n\n\n<p>Apenas la semana pasada, familiares y activistas feministas, de los colectivos Marea Verde Mixteca e Hijas de la Luna, bloquearon el acceso al&nbsp;<a href=\"\/\/2\">Centro de Justicia para<\/a>&nbsp;las Mujeres, dependiente de la Fiscal\u00eda General de Justicia de Oaxaca, para exigir la detenci\u00f3n de Raymundo C.M., se\u00f1alado como presunto feminicida de la mujer de 63 a\u00f1os de edad. &nbsp;<\/p>\n\n\n\n<p>En este sentido, recordaron que hay un hartazgo generalizado por parte de las mujeres en torno a la violencia que son v\u00edctimas en todo el pa\u00eds, as\u00ed mismo reprocharon la lentitud de las autoridades, ya que han pasado ocho d\u00edas de los hechos y aun no se sabe el paradero del feminicida. &nbsp;<\/p>\n\n\n\n<p>\u201cExigimos a la Vicefiscal\u00eda de la Mixteca agilizar las investigaciones del terrible feminicidio de nuestra hermana Mar\u00eda. \u00a1Por qu\u00e9 vivas nos queremos! \u00a1No estamos todas nos falta Mar\u00eda!\u201d, expresaron de viva voz.&nbsp;<\/p>\n\n\n\n<p>A sus 63 a\u00f1os de edad, Mar\u00eda Paula es una v\u00edctima m\u00e1s de la violencia feminicida en Oaxaca, de acuerdo con lo expuesto por la familia, fue brutalmente atacada a machetazos por uno de sus vecinos a quien ya hab\u00eda denunciado, previamente, por el robo de sus animalitos de corral. <\/p>\n","protected":false},"excerpt":{"rendered":"<p>Evlin Arag\u00f3n\/Zona Roja.&nbsp; Oaxaca de Ju\u00e1rez, Oax., 18 de mayo de 2021.- Habitantes de&nbsp;San Pedro&hellip;<\/p>\n","protected":false},"author":2,"featured_media":27393,"comment_status":"closed","ping_status":"open","sticky":false,"template":"","format":"standard","meta":{"_lmt_disableupdate":"","_lmt_disable":"","_jetpack_memberships_contains_paid_content":false,"footnotes":""},"categories":[109,47],"tags":[2670,2669],"class_list":["post-27394","post","type-post","status-publish","format-standard","has-post-thumbnail","hentry","category-minuto-a-minuto","category-zona-gris","tag-maria-paula-burgos-calvo","tag-san-pedro-y-san-pablo-tequixtepec"],"jetpack_featured_media_url":"https:\/\/zonaroja.com.mx\/wp-content\/uploads\/2021\/05\/3b301968-4bb4-4a87-9585-89686a91bba3.jpg","jetpack_sharing_enabled":true,"_links":{"self":[{"href":"https:\/\/zonaroja.com.mx\/index.php?rest_route=\/wp\/v2\/posts\/27394","targetHints":{"allow":["GET"]}}],"collection":[{"href":"https:\/\/zonaroja.com.mx\/index.php?rest_route=\/wp\/v2\/posts"}],"about":[{"href":"https:\/\/zonaroja.com.mx\/index.php?rest_route=\/wp\/v2\/types\/post"}],"author":[{"embeddable":true,"href":"https:\/\/zonaroja.com.mx\/index.php?rest_route=\/wp\/v2\/users\/2"}],"replies":[{"embeddable":true,"href":"https:\/\/zonaroja.com.mx\/index.php?rest_route=%2Fwp%2Fv2%2Fcomments&post=27394"}],"version-history":[{"count":1,"href":"https:\/\/zonaroja.com.mx\/index.php?rest_route=\/wp\/v2\/posts\/27394\/revisions"}],"predecessor-version":[{"id":27395,"href":"https:\/\/zonaroja.com.mx\/index.php?rest_route=\/wp\/v2\/posts\/27394\/revisions\/27395"}],"wp:featuredmedia":[{"embeddable":true,"href":"https:\/\/zonaroja.com.mx\/index.php?rest_route=\/wp\/v2\/media\/27393"}],"wp:attachment":[{"href":"https:\/\/zonaroja.com.mx\/index.php?rest_route=%2Fwp%2Fv2%2Fmedia&parent=27394"}],"wp:term":[{"taxonomy":"category","embeddable":true,"href":"https:\/\/zonaroja.com.mx\/index.php?rest_route=%2Fwp%2Fv2%2Fcategories&post=27394"},{"taxonomy":"post_tag","embeddable":true,"href":"https:\/\/zonaroja.com.mx\/index.php?rest_route=%2Fwp%2Fv2%2Ftags&post=27394"}],"curies":[{"name":"wp","href":"https:\/\/api.w.org\/{rel}","templated":true}]}}