{"id":27396,"date":"2021-05-18T20:12:14","date_gmt":"2021-05-19T01:12:14","guid":{"rendered":"http:\/\/www.zonaroja.com.mx\/?p=27396"},"modified":"2021-05-18T20:12:18","modified_gmt":"2021-05-19T01:12:18","slug":"detiene-fiscalia-a-probable-agresor-de-periodista-seguidores-bloquean-vialidades","status":"publish","type":"post","link":"https:\/\/zonaroja.com.mx\/?p=27396","title":{"rendered":"Detiene Fiscal\u00eda a probable agresor de periodista; seguidores bloquean vialidades"},"content":{"rendered":"\n<p>Redacci\u00f3n\/Zona Roja.<\/p>\n\n\n\n<p>Oaxaca de Ju\u00e1rez, Oax., 18 de mayo de 2021.- La Fiscal\u00eda General del Estado de Oaxaca (FGEO) aprehendi\u00f3 hoy y present\u00f3 ante juez a la persona del sexo masculino identificada como F. C. M. (Antonio Francisco), alias \u201cEl Bocho\u201d o \u201cEl Gordo\u201d, probable responsable de los delitos contra la libertad de expresi\u00f3n, lesiones y robo con violencia f\u00edsica y moral, en agravio del periodista Tom\u00e1 M. J. y en perjuicio patrimonial del diario \u201cNoticias Voz e Imagen de Oaxaca\u201d, cometido en abril de 2021 en jurisdicci\u00f3n de Santa Cruz Xoxocotl\u00e1n.<\/p>\n\n\n\n<p>El probable responsable fue aprehendido este martes 18 de mayo de 2021 por Agentes Estatales de Investigaci\u00f3n y presentado de forma inmediata ante la autoridad judicial que lo requiri\u00f3, dando cumplimiento a la orden de aprehensi\u00f3n asentada en la causa penal 444\/2021.<\/p>\n\n\n\n<p>Los hechos se suscitaron el 29 de abril de 2021, aproximadamente a las 16:30 horas, cuando la v\u00edctima cubr\u00eda un suceso noticioso en inmediaciones de la colonia Reforma Agraria de Santa Cruz Xoxocotl\u00e1n, momento en el que el imputado y otros sujetos lo increparon, agredi\u00e9ndolo f\u00edsicamente, adem\u00e1s de robarle pertenencias.<\/p>\n\n\n\n<p>Luego de la denuncia presentada por la v\u00edctima, la instituci\u00f3n de procuraci\u00f3n de justicia atrajo la investigaci\u00f3n -a trav\u00e9s de la Fiscal\u00eda Especializada en Investigaciones de Delitos de Trascendencia Social-, realizando las diligencias correspondientes a fin de esclarecer este hecho violento, logrando la aprehensi\u00f3n del probable responsable.<\/p>\n\n\n\n<p>La tarde de este martes, el imputado fue presentado en audiencia en la que se resolver\u00e1 su situaci\u00f3n jur\u00eddica en las pr\u00f3ximas horas.<\/p>\n\n\n\n<p>Tras ello, integrantes del Frente Popular \u201c14 de Junio\u201d bloquearon por unos momentos el crucero vial de la avenida S\u00edmbolos Patrios con Luis Echeverr\u00eda, en inmediaciones de La Experimental, al sur de la capital.<\/p>\n\n\n\n<p>Posteriormente varios puntos aleda\u00f1os al Parque del Amor, en el Perif\u00e9rico, cierres viales que se mantienen, y en jurisdicci\u00f3n de Santa Cruz Xoxocotl\u00e1n, para obligar a la Fiscal\u00eda a su liberaci\u00f3n.<\/p>\n","protected":false},"excerpt":{"rendered":"<p>Redacci\u00f3n\/Zona Roja. Oaxaca de Ju\u00e1rez, Oax., 18 de mayo de 2021.- La Fiscal\u00eda General del&hellip;<\/p>\n","protected":false},"author":2,"featured_media":27397,"comment_status":"closed","ping_status":"open","sticky":false,"template":"","format":"standard","meta":{"_lmt_disableupdate":"","_lmt_disable":"","_jetpack_memberships_contains_paid_content":false,"footnotes":""},"categories":[109,47],"tags":[494],"class_list":["post-27396","post","type-post","status-publish","format-standard","has-post-thumbnail","hentry","category-minuto-a-minuto","category-zona-gris","tag-fiscalia-general-del-estado-de-oaxaca"],"jetpack_featured_media_url":"https:\/\/zonaroja.com.mx\/wp-content\/uploads\/2021\/05\/Bloqueos-Frente-Popular-14J.jpg","jetpack_sharing_enabled":true,"_links":{"self":[{"href":"https:\/\/zonaroja.com.mx\/index.php?rest_route=\/wp\/v2\/posts\/27396","targetHints":{"allow":["GET"]}}],"collection":[{"href":"https:\/\/zonaroja.com.mx\/index.php?rest_route=\/wp\/v2\/posts"}],"about":[{"href":"https:\/\/zonaroja.com.mx\/index.php?rest_route=\/wp\/v2\/types\/post"}],"author":[{"embeddable":true,"href":"https:\/\/zonaroja.com.mx\/index.php?rest_route=\/wp\/v2\/users\/2"}],"replies":[{"embeddable":true,"href":"https:\/\/zonaroja.com.mx\/index.php?rest_route=%2Fwp%2Fv2%2Fcomments&post=27396"}],"version-history":[{"count":1,"href":"https:\/\/zonaroja.com.mx\/index.php?rest_route=\/wp\/v2\/posts\/27396\/revisions"}],"predecessor-version":[{"id":27398,"href":"https:\/\/zonaroja.com.mx\/index.php?rest_route=\/wp\/v2\/posts\/27396\/revisions\/27398"}],"wp:featuredmedia":[{"embeddable":true,"href":"https:\/\/zonaroja.com.mx\/index.php?rest_route=\/wp\/v2\/media\/27397"}],"wp:attachment":[{"href":"https:\/\/zonaroja.com.mx\/index.php?rest_route=%2Fwp%2Fv2%2Fmedia&parent=27396"}],"wp:term":[{"taxonomy":"category","embeddable":true,"href":"https:\/\/zonaroja.com.mx\/index.php?rest_route=%2Fwp%2Fv2%2Fcategories&post=27396"},{"taxonomy":"post_tag","embeddable":true,"href":"https:\/\/zonaroja.com.mx\/index.php?rest_route=%2Fwp%2Fv2%2Ftags&post=27396"}],"curies":[{"name":"wp","href":"https:\/\/api.w.org\/{rel}","templated":true}]}}