{"id":27399,"date":"2021-05-18T20:31:25","date_gmt":"2021-05-19T01:31:25","guid":{"rendered":"http:\/\/www.zonaroja.com.mx\/?p=27399"},"modified":"2021-05-18T20:31:29","modified_gmt":"2021-05-19T01:31:29","slug":"fueron-dos-disenadores-oaxaquenos-presentes-en-miss-universo-2021","status":"publish","type":"post","link":"https:\/\/zonaroja.com.mx\/?p=27399","title":{"rendered":"Fueron dos dise\u00f1adores oaxaque\u00f1os, presentes en Miss Universo 2021"},"content":{"rendered":"\n<p>Yuridiana Sosa\/Zona Roja.<\/p>\n\n\n\n<p>Oaxaca de Ju\u00e1rez, Oax., 18 de mayo de 2021.- Miss Universo 2021 se visti\u00f3 con el talento de dos dise\u00f1adores oaxaque\u00f1os, uno de la Cuenca y el otro de la regi\u00f3n Costa, que se hicieron presentes por medio de sus grandiosos vestuarios regionales.<\/p>\n\n\n\n<p>Uno es el originario del municipio de San Juan Bautista Tuxtepec, Avelino Roque Osorio, quien elabor\u00f3 el traje estilo alebrije para la representante de M\u00e9xico y ganadora del certamen de Miss Universo, Andrea Meza, quien gan\u00f3 el t\u00edtulo la noche del domingo.<\/p>\n\n\n\n<p>De la Costa, de San Pedro Pochutla, el dise\u00f1ador de modas Alonso M\u00e1ximo, quien elabor\u00f3 el vestuario para la representante de Honduras, Cecilia Rosell, inspirado en la cultura maya.<\/p>\n\n\n\n<p>Cada uno de los oaxaque\u00f1os luci\u00f3 por su talento en este concurso, pero ser parte de la historia de este certamen que sorte\u00f3 la pandemia tambi\u00e9n fue una lucha propia.<\/p>\n\n\n\n<p>ESFUERZO PERSONAL Y FAMILIAR<\/p>\n\n\n\n<p>Para Avelino Roque, joven tuxtepecano de 25 a\u00f1os de edad, ganarse la oportunidad de estar presente por medio de su vestuario en Miss Universo, represent\u00f3 un esfuerzo personal y familiar.<\/p>\n\n\n\n<p>\u00c9l vio el certamen desde su casa, en su natal Tuxtepec, acompa\u00f1ado de familiares y amigos; luego celebr\u00f3 con un recorrido en camioneta, con la bandera de M\u00e9xico, sin reflectores, ni fama, s\u00f3lo con la compa\u00f1\u00eda de los suyos, de quienes creyeron en \u00e9l desde el primer d\u00eda.<\/p>\n\n\n\n<p>Desde el triunfo de la mexicana Andrea Meza como Miss Universo, el tel\u00e9fono de Avelino no deja de sonar; no ha dejado de atender, de expresar su felicidad; de manifestar que el resultado tambi\u00e9n forma parte del esfuerzo de su familia y amigos, que es su equipo de trabajo.<\/p>\n\n\n\n<p>Pero para Roque Osorio, mantener vigente su sue\u00f1o tambi\u00e9n ha implicado otros esfuerzos. En marzo de este a\u00f1o realiz\u00f3 actividades de pasarela para recaudar fondos econ\u00f3micos para continuar rumbo a la gala principal y ser el primer tuxtepecano en llegar a los escenarios internacionales.<\/p>\n\n\n\n<p>El sue\u00f1o materializado de Avelino Roque comenz\u00f3 en noviembre de 2020, cuando gan\u00f3 el primer lugar en el certamen Mexicana Universal con su dise\u00f1o del alebrije, que en ese entonces port\u00f3 la oaxaque\u00f1a \u00c1ngeles Castro.<\/p>\n\n\n\n<p>Y aunque la joven carrera del dise\u00f1ador tuxtepecano, quien comenz\u00f3 a los 20 a\u00f1os, ahora cuenta con los reflectores internacionales por su gran trabajo, su pasi\u00f3n como confeccionista en su natal Tuxtepec ha ido creciendo desde hace varios a\u00f1os, e incluso ya cuenta su propia l\u00ednea de ropa lanzada en febrero de este a\u00f1o, \u201cA.R. Colecci\u00f3n\u201d, que son prendas \u00fanicas y bordadas a mano con dise\u00f1os para cada cliente.<\/p>\n\n\n\n<p>TALENTO RECONOCIDO<\/p>\n\n\n\n<p>La cantante oaxaque\u00f1a, Alejandra Robles, reconoci\u00f3 el trabajo de Avelino Roque previo al certamen, por lo que ante la efervescencia del triunfo de la mexicana y que tambi\u00e9n es uno para el oaxaque\u00f1o, expres\u00f3:<\/p>\n\n\n\n<p>\u201cTengo que decir que somos muy duros como sociedad y que solo cuando vemos que logran nuestros paisanos \u00e9xitos muy grandes es cuando reconocemos. \u00bfPor qu\u00e9 esperar hasta que esto pase para valorarnos como oaxaque\u00f1os invaluables?\u201d, cuestion\u00f3.<\/p>\n\n\n\n<p>La artista dijo que hace dos meses busc\u00f3 al dise\u00f1ador Avelino Roque luego de ver su trabajo, humildad y talento, \u201cy me mand\u00f3 desde Tuxtepec este hermoso vestido rojo\u201d, poste\u00f3 junto a la fotograf\u00eda del vestido.<\/p>\n\n\n\n<p>Y concluy\u00f3 su publicaci\u00f3n: \u201cNo todo el mundo va a ayudar a empujar tu carro, pero cuando encienda, todos van a querer subirse\u201d.<\/p>\n\n\n\n<p>ORGULLO COSTE\u00d1O<\/p>\n\n\n\n<p>En el caso de Alonso M\u00e1ximo, su trabajo por varios a\u00f1os tambi\u00e9n tuvo una recompensa importante con su participaci\u00f3n con Miss Honduras.<\/p>\n\n\n\n<p>El oaxaque\u00f1o logr\u00f3 asistir al evento internacional, pero tambi\u00e9n ha dado muestra del arduo trabajo que dieron como resultado un vestuario de 65 libras, que plasma parte de la identidad de la cultura Maya, y en homenaje al jaguar.&nbsp; Bordado con pedrer\u00eda de canutillo y plumas de fais\u00e1n.<\/p>\n\n\n\n<p>De acuerdo con la p\u00e1gina \u201cOaxaqueando\u201d, el vestuario de Alonso Maximo tambi\u00e9n refleja la oscuridad, luz, poder, fuerza, vida y la fertilidad de los dioses mayas.<\/p>\n","protected":false},"excerpt":{"rendered":"<p>Yuridiana Sosa\/Zona Roja. Oaxaca de Ju\u00e1rez, Oax., 18 de mayo de 2021.- Miss Universo 2021&hellip;<\/p>\n","protected":false},"author":2,"featured_media":27400,"comment_status":"closed","ping_status":"open","sticky":false,"template":"","format":"standard","meta":{"_lmt_disableupdate":"","_lmt_disable":"","_jetpack_memberships_contains_paid_content":false,"footnotes":""},"categories":[109,46],"tags":[],"class_list":["post-27399","post","type-post","status-publish","format-standard","has-post-thumbnail","hentry","category-minuto-a-minuto","category-zona-blanca"],"jetpack_featured_media_url":"https:\/\/zonaroja.com.mx\/wp-content\/uploads\/2021\/05\/Disenador-Avelino-Roque-Osorio.jpg","jetpack_sharing_enabled":true,"_links":{"self":[{"href":"https:\/\/zonaroja.com.mx\/index.php?rest_route=\/wp\/v2\/posts\/27399","targetHints":{"allow":["GET"]}}],"collection":[{"href":"https:\/\/zonaroja.com.mx\/index.php?rest_route=\/wp\/v2\/posts"}],"about":[{"href":"https:\/\/zonaroja.com.mx\/index.php?rest_route=\/wp\/v2\/types\/post"}],"author":[{"embeddable":true,"href":"https:\/\/zonaroja.com.mx\/index.php?rest_route=\/wp\/v2\/users\/2"}],"replies":[{"embeddable":true,"href":"https:\/\/zonaroja.com.mx\/index.php?rest_route=%2Fwp%2Fv2%2Fcomments&post=27399"}],"version-history":[{"count":1,"href":"https:\/\/zonaroja.com.mx\/index.php?rest_route=\/wp\/v2\/posts\/27399\/revisions"}],"predecessor-version":[{"id":27401,"href":"https:\/\/zonaroja.com.mx\/index.php?rest_route=\/wp\/v2\/posts\/27399\/revisions\/27401"}],"wp:featuredmedia":[{"embeddable":true,"href":"https:\/\/zonaroja.com.mx\/index.php?rest_route=\/wp\/v2\/media\/27400"}],"wp:attachment":[{"href":"https:\/\/zonaroja.com.mx\/index.php?rest_route=%2Fwp%2Fv2%2Fmedia&parent=27399"}],"wp:term":[{"taxonomy":"category","embeddable":true,"href":"https:\/\/zonaroja.com.mx\/index.php?rest_route=%2Fwp%2Fv2%2Fcategories&post=27399"},{"taxonomy":"post_tag","embeddable":true,"href":"https:\/\/zonaroja.com.mx\/index.php?rest_route=%2Fwp%2Fv2%2Ftags&post=27399"}],"curies":[{"name":"wp","href":"https:\/\/api.w.org\/{rel}","templated":true}]}}