{"id":27402,"date":"2021-05-18T21:55:34","date_gmt":"2021-05-19T02:55:34","guid":{"rendered":"http:\/\/www.zonaroja.com.mx\/?p=27402"},"modified":"2021-05-18T21:55:36","modified_gmt":"2021-05-19T02:55:36","slug":"demanda-diputada-a-sso-campana-contra-discriminacion-a-personas-con-vitiligo","status":"publish","type":"post","link":"https:\/\/zonaroja.com.mx\/?p=27402","title":{"rendered":"Demanda diputada a SSO campa\u00f1a contra discriminaci\u00f3n a personas con vit\u00edligo"},"content":{"rendered":"\n<p>Yuridiana Sosa\/Zona Roja.<\/p>\n\n\n\n<p>Oaxaca de Ju\u00e1rez, Oax., 18 de mayo de 2021.-&nbsp; La 64 Legislatura de Oaxaca analiza un Punto de Acuerdo para emitir un exhorto al titular de los Servicios de Salud de Oaxaca (SSO), Juan Carlos M\u00e1quez Heine, para que desarrolle una campa\u00f1a a fin de evitar la discriminaci\u00f3n de las personas que padecen la enfermedad del vit\u00edligo.<\/p>\n\n\n\n<p>La propuesta de la diputada Magaly L\u00f3pez Dom\u00ednguez, del Grupo Parlamentario del Partido Morena, detalla que la campa\u00f1a tambi\u00e9n contemple acciones para generar conciencia y empat\u00eda en la sociedad sobre este padecimiento.<\/p>\n\n\n\n<p>Durante su exposici\u00f3n, en la reciente sesi\u00f3n de la Diputaci\u00f3n Permanente, detall\u00f3 que las personas con vit\u00edligo son v\u00edctimas de discriminaci\u00f3n, de rechazo ante la creencia que un padecimiento contagioso, lo cual es incorrecto.<\/p>\n\n\n\n<p>Por lo que ese tipo de rechazo tiene como consecuencia provocar depresi\u00f3n, ansiedad, aislamiento social en los pacientes, situaci\u00f3n que empeora el estado de salud, destac\u00f3 la legisladora.<\/p>\n\n\n\n<p>L\u00f3pez Dom\u00ednguez dijo que en M\u00e9xico al menos el cuatro por ciento de la poblaci\u00f3n padece de vit\u00edligo, cifra que lo coloca entre los pa\u00edses con un alto \u00edndice en comparaci\u00f3n a Estados Unidos donde el dato es del 2.5 por ciento. Adem\u00e1s, dijo, que la poblaci\u00f3n joven es la m\u00e1s afectada.<\/p>\n","protected":false},"excerpt":{"rendered":"<p>Yuridiana Sosa\/Zona Roja. Oaxaca de Ju\u00e1rez, Oax., 18 de mayo de 2021.-&nbsp; La 64 Legislatura&hellip;<\/p>\n","protected":false},"author":2,"featured_media":27238,"comment_status":"closed","ping_status":"open","sticky":false,"template":"","format":"standard","meta":{"_lmt_disableupdate":"","_lmt_disable":"","_jetpack_memberships_contains_paid_content":false,"footnotes":""},"categories":[109,46],"tags":[192],"class_list":["post-27402","post","type-post","status-publish","format-standard","has-post-thumbnail","hentry","category-minuto-a-minuto","category-zona-blanca","tag-diputada-magaly-lopez-dominguez"],"jetpack_featured_media_url":"https:\/\/zonaroja.com.mx\/wp-content\/uploads\/2021\/05\/Diputada-Magaly-Lopez.jpeg","jetpack_sharing_enabled":true,"_links":{"self":[{"href":"https:\/\/zonaroja.com.mx\/index.php?rest_route=\/wp\/v2\/posts\/27402","targetHints":{"allow":["GET"]}}],"collection":[{"href":"https:\/\/zonaroja.com.mx\/index.php?rest_route=\/wp\/v2\/posts"}],"about":[{"href":"https:\/\/zonaroja.com.mx\/index.php?rest_route=\/wp\/v2\/types\/post"}],"author":[{"embeddable":true,"href":"https:\/\/zonaroja.com.mx\/index.php?rest_route=\/wp\/v2\/users\/2"}],"replies":[{"embeddable":true,"href":"https:\/\/zonaroja.com.mx\/index.php?rest_route=%2Fwp%2Fv2%2Fcomments&post=27402"}],"version-history":[{"count":1,"href":"https:\/\/zonaroja.com.mx\/index.php?rest_route=\/wp\/v2\/posts\/27402\/revisions"}],"predecessor-version":[{"id":27403,"href":"https:\/\/zonaroja.com.mx\/index.php?rest_route=\/wp\/v2\/posts\/27402\/revisions\/27403"}],"wp:featuredmedia":[{"embeddable":true,"href":"https:\/\/zonaroja.com.mx\/index.php?rest_route=\/wp\/v2\/media\/27238"}],"wp:attachment":[{"href":"https:\/\/zonaroja.com.mx\/index.php?rest_route=%2Fwp%2Fv2%2Fmedia&parent=27402"}],"wp:term":[{"taxonomy":"category","embeddable":true,"href":"https:\/\/zonaroja.com.mx\/index.php?rest_route=%2Fwp%2Fv2%2Fcategories&post=27402"},{"taxonomy":"post_tag","embeddable":true,"href":"https:\/\/zonaroja.com.mx\/index.php?rest_route=%2Fwp%2Fv2%2Ftags&post=27402"}],"curies":[{"name":"wp","href":"https:\/\/api.w.org\/{rel}","templated":true}]}}