{"id":27404,"date":"2021-05-19T09:00:22","date_gmt":"2021-05-19T14:00:22","guid":{"rendered":"http:\/\/www.zonaroja.com.mx\/?p=27404"},"modified":"2021-05-18T22:04:00","modified_gmt":"2021-05-19T03:04:00","slug":"feministas-piden-hacer-efectivas-resoluciones-sobre-violencia-politica-vs-dante-montano","status":"publish","type":"post","link":"https:\/\/zonaroja.com.mx\/?p=27404","title":{"rendered":"Feministas piden hacer efectivas resoluciones sobre violencia pol\u00edtica vs Dante Monta\u00f1o"},"content":{"rendered":"\n<p>Evlin Arag\u00f3n\/Zona Roja.<\/p>\n\n\n\n<p>Oaxaca de Ju\u00e1rez, Oax., 19 de mayo de 2021.- Integrantes del Colectivo Mujeres de la Sal condenaron la resoluci\u00f3n del Tribunal Estatal Electoral de Oaxaca (TEEO) por medio de la cual aval\u00f3 la candidatura de Dante Monta\u00f1o Montero, actual presidente municipal de Santa Luc\u00eda del Camino, y quien cuenta con una sentencia firme por violencia pol\u00edtica contra las mujeres en raz\u00f3n de g\u00e9nero.<\/p>\n\n\n\n<p>A trav\u00e9s de sus redes sociales difundieron una carta en la que se inconforman con el actuar de los magistrados y advirtieron que a ella no se les olvida lo que Monta\u00f1o Montero le hizo a la regidora de G\u00e9nero y Grupos Vulnerable, Nallely Ortiz Jim\u00e9nez, quien procedi\u00f3 ante los \u00f3rganos pertinentes en demanda de justicia.&nbsp;<\/p>\n\n\n\n<p>\u201cEn Oaxaca, gracias al respaldo del Partido del Trabajo M\u00e9xico y el Partido Verde Ecologista de M\u00e9xico, el Tribunal Electoral aprob\u00f3 la solicitud de registro de la candidatura del agresor de nuestra compa\u00f1era Nallely. Hola, Dante Monta\u00f1o Montero, a nosotras no se nos olvida lo que le hiciste a Nallely\u201d, refieren como parte de su publicaci\u00f3n.<\/p>\n\n\n\n<p>Mientras que, en el documento emitido, solicitaron a la Fiscal\u00eda General del Estado de Oaxaca, encabezada por Arturo Peimbert Calvo, otorgar con urgencia medidas de protecci\u00f3n a Nallely Ortiz Jim\u00e9nez, ya que su integridad f\u00edsica y psicol\u00f3gica se encuentra en riesgo.<\/p>\n\n\n\n<p>En este mismo sentido, exigieron a las dirigencias de los partidos del Trabajo y Verde Ecologista que cesen en su intento de imponer a un violentador de mujeres como candidato a la presidencia municipal de Santa Luc\u00eda, por lo que tambi\u00e9n exhortaron a las candidatas de ambos partidos a pronunciarse por espacios libres de violencia y se opongan a la imposici\u00f3n de un agresor<\/p>\n\n\n\n<p>\u201cInvitamos a las mujeres de Oaxaca y del pa\u00eds a que se sumen a esta petici\u00f3n. Ning\u00fan agresor en el poder. Nunca m\u00e1s tendr\u00e1n la comodidad de nuestro silencio. La violencia pol\u00edtica es un delito\u201d, sentenciaron.<\/p>\n\n\n\n<p>Las feministas reconocieron al Instituto Estatal Electoral y de Participaci\u00f3n Ciudadana de Oaxaca por mantener la resoluci\u00f3n de negar la candidatura de Dante Monta\u00f1o, derivado de la violencia ejercida en contra de Nallely Ortiz, lo cual qued\u00f3 de manifiesto en la resoluci\u00f3n del 14 de mayo, donde negaron el registro del candidato.<\/p>\n\n\n\n<p>As\u00ed mismo exhortaron a la Sala Regional del Tribunal Electoral del Poder Judicial de la Federaci\u00f3n que sostenga firmemente su resoluci\u00f3n sobre el caso en cuesti\u00f3n, que sin duda sentar\u00e1 un precedente para eliminar las pr\u00e1cticas de violencia pol\u00edtica contra las mujeres en raz\u00f3n de g\u00e9nero.<\/p>\n","protected":false},"excerpt":{"rendered":"<p>Evlin Arag\u00f3n\/Zona Roja. Oaxaca de Ju\u00e1rez, Oax., 19 de mayo de 2021.- Integrantes del Colectivo&hellip;<\/p>\n","protected":false},"author":2,"featured_media":27254,"comment_status":"closed","ping_status":"open","sticky":false,"template":"","format":"standard","meta":{"_lmt_disableupdate":"","_lmt_disable":"","_jetpack_memberships_contains_paid_content":false,"footnotes":""},"categories":[109,47],"tags":[585],"class_list":["post-27404","post","type-post","status-publish","format-standard","has-post-thumbnail","hentry","category-minuto-a-minuto","category-zona-gris","tag-dante-montano-montero"],"jetpack_featured_media_url":"https:\/\/zonaroja.com.mx\/wp-content\/uploads\/2021\/05\/Dante-Montano.jpg","jetpack_sharing_enabled":true,"_links":{"self":[{"href":"https:\/\/zonaroja.com.mx\/index.php?rest_route=\/wp\/v2\/posts\/27404","targetHints":{"allow":["GET"]}}],"collection":[{"href":"https:\/\/zonaroja.com.mx\/index.php?rest_route=\/wp\/v2\/posts"}],"about":[{"href":"https:\/\/zonaroja.com.mx\/index.php?rest_route=\/wp\/v2\/types\/post"}],"author":[{"embeddable":true,"href":"https:\/\/zonaroja.com.mx\/index.php?rest_route=\/wp\/v2\/users\/2"}],"replies":[{"embeddable":true,"href":"https:\/\/zonaroja.com.mx\/index.php?rest_route=%2Fwp%2Fv2%2Fcomments&post=27404"}],"version-history":[{"count":1,"href":"https:\/\/zonaroja.com.mx\/index.php?rest_route=\/wp\/v2\/posts\/27404\/revisions"}],"predecessor-version":[{"id":27405,"href":"https:\/\/zonaroja.com.mx\/index.php?rest_route=\/wp\/v2\/posts\/27404\/revisions\/27405"}],"wp:featuredmedia":[{"embeddable":true,"href":"https:\/\/zonaroja.com.mx\/index.php?rest_route=\/wp\/v2\/media\/27254"}],"wp:attachment":[{"href":"https:\/\/zonaroja.com.mx\/index.php?rest_route=%2Fwp%2Fv2%2Fmedia&parent=27404"}],"wp:term":[{"taxonomy":"category","embeddable":true,"href":"https:\/\/zonaroja.com.mx\/index.php?rest_route=%2Fwp%2Fv2%2Fcategories&post=27404"},{"taxonomy":"post_tag","embeddable":true,"href":"https:\/\/zonaroja.com.mx\/index.php?rest_route=%2Fwp%2Fv2%2Ftags&post=27404"}],"curies":[{"name":"wp","href":"https:\/\/api.w.org\/{rel}","templated":true}]}}