{"id":27411,"date":"2021-05-19T07:56:06","date_gmt":"2021-05-19T12:56:06","guid":{"rendered":"http:\/\/www.zonaroja.com.mx\/?p=27411"},"modified":"2021-05-19T07:56:10","modified_gmt":"2021-05-19T12:56:10","slug":"refrenda-javier-villacana-acciones-a-favor-de-la-comunidad-lgbtttiq","status":"publish","type":"post","link":"https:\/\/zonaroja.com.mx\/?p=27411","title":{"rendered":"Refrenda Javier Villaca\u00f1a acciones a favor de la comunidad LGBTTTIQ"},"content":{"rendered":"\n<p>Redacci\u00f3n\/Zona Roja.<\/p>\n\n\n\n<p>Oaxaca de Ju\u00e1rez, Oax., 19 de mayo de 2021.- Javier Villaca\u00f1a Jim\u00e9nez, candidato com\u00fan del PRI, PAN y PRD a la presidencia municipal de la capital, refrend\u00f3 su compromiso con la comunidad l\u00e9sbico, gay, bisexual, transexual, transg\u00e9nero, travesti, intersexual, queer (LGBTTTIQ) para impulsar un gobierno incluyente y libre de discriminaci\u00f3n y violencia.<\/p>\n\n\n\n<p>Al sostener un encuentro en el marco del D\u00eda Internacional contra la Homofobia, Transfobia y Bifobia, el aspirante coment\u00f3 que uno de sus compromisos es la puesta en operaci\u00f3n de una Direcci\u00f3n General dedicada ex profeso a dise\u00f1ar e implementar pol\u00edticas de justicia y protecci\u00f3n para la comunidad LGBTTTIQ.<\/p>\n\n\n\n<p>\u00abTodo lo que se tenga que hacer para construir una sociedad donde se respete la identidad de g\u00e9nero y orientaci\u00f3n sexual, se va hacer\u00bb, garantiz\u00f3 el abanderado por el PRI, PAN y PRD, al tiempo que dijo que su compromiso es igual al de hace 7 a\u00f1os, \u00abcontar\u00e1n con una autoridad municipal que est\u00e9 de su lado\u00bb.<\/p>\n\n\n\n<p>Tenemos que caminar por el mismo rumbo para llegar a grandes metas -agreg\u00f3- luego de convocar a esta comunidad a participar en las tareas de consolidaci\u00f3n de una ciudad segura, embellecida, y sobre todo, donde se respeten&nbsp; los derechos de las personas.<\/p>\n\n\n\n<p>\u201cYo ofrezco mi voluntad y disposici\u00f3n para lograr lo que proponemos y esto no tiene que ver con partidos pol\u00edticos, es de personas y experiencia\u201d, precis\u00f3.<\/p>\n\n\n\n<p>En este espacio de reflexi\u00f3n y compromiso, las y los representantes y activistas de la comunidad coincidieron en brindar el voto de confianza a Javier Villaca\u00f1a en los comicios del 6 de junio, a fin de contar con un gobierno municipal libre de segregaci\u00f3n, que garantice su participaci\u00f3n social y sobre todo su integridad f\u00edsica.<\/p>\n\n\n\n<p>Asimismo, expresaron sus preocupaciones y\u00a0 las problem\u00e1ticas a las que se enfrentan diariamente, obteniendo como respuesta la disposici\u00f3n del candidato para atenderlas en los 70 compromisos que contraer\u00e1 con los diferentes sectores sociales y productivos de la capital.<\/p>\n\n\n\n<figure class=\"wp-block-embed-twitter wp-block-embed is-type-rich is-provider-twitter\"><div class=\"wp-block-embed__wrapper\">\n<div class=\"twitter-tweet\"><blockquote class=\"twitter-tweet\" data-lang=\"es\"><p lang=\"es\" dir=\"ltr\">Estamos aqu\u00ed, porque tenemos la experiencia del trabajo en equipo con la sociedad, para lograr una ciudad m\u00e1s pr\u00f3spera. Con el respaldo que nos brindan vecinas y vecinos de la Colonia Manuel Sabino Crespo, vamos a rescatar a nuestra capital del abandono. <a href=\"https:\/\/twitter.com\/hashtag\/VaPorOaxacaDeJu%C3%A1rez?src=hash&amp;ref_src=twsrc%5Etfw\">#VaPorOaxacaDeJu\u00e1rez<\/a> <a href=\"https:\/\/t.co\/fJt8GiUU0y\">pic.twitter.com\/fJt8GiUU0y<\/a><\/p>&mdash; Javier Villaca\u00f1a (@JavierVillacana) <a href=\"https:\/\/twitter.com\/JavierVillacana\/status\/1394824779329384453?ref_src=twsrc%5Etfw\">19 de mayo de 2021<\/a><\/blockquote><\/div>\n<\/div><\/figure>\n\n\n\n<p>A TOCAR CORAZONES<\/p>\n\n\n\n<p>\u00abHoy iniciamos una nueva etapa en nuestra campa\u00f1a, donde tocaremos el coraz\u00f3n y esp\u00edritu de quienes quieren caminar hacia el rescate de nuestra ciudad\u00bb, asegur\u00f3 Javier Villaca\u00f1a Jim\u00e9nez, candidato a la presidencia municipal por el PRI, PAN y PRD, ante el j\u00fabilo de habitantes de la agencia de San Felipe del Agua.<\/p>\n\n\n\n<p>Al arribar a esta zona de la capital, Villaca\u00f1a Jim\u00e9nez palp\u00f3 la uni\u00f3n de voces que le brindan la fortaleza para el triunfo del 6 de junio. \u00abEstamos a dos semanas y tenemos lo m\u00e1s valioso que es la gente. Hoy nuestro compromiso es indestructible y dar\u00e1 respuestas en el pr\u00f3ximo gobierno que vamos encabezar\u00bb, dijo entre muestras de cari\u00f1o y apoyo.<\/p>\n\n\n\n<p>Asegur\u00f3 que su compromiso con la mujer es firme, \u201cpues es quien abraza el proyecto que rescatar\u00e1 a Oaxaca de Ju\u00e1rez\u201d.<\/p>\n\n\n\n<p>En ese sentido, se\u00f1al\u00f3 que seguir\u00e1 por el mismo rumbo para cerrar la campa\u00f1a con el cobijo de las 13 agencias municipales, en un esfuerzo un\u00e1nime que no podr\u00e1 ser igualado pese a las trampas de sus adversarios.<\/p>\n\n\n\n<p>Luego de dos semanas donde ha constatado las diferentes expresiones que lo impulsan a ser el pr\u00f3ximo presidente municipal, Javier Villaca\u00f1a asever\u00f3&nbsp; que se est\u00e1 jugando el futuro de la ciudad y asegur\u00f3 victorioso \u00abarrancamos una nueva etapa con argumentos s\u00f3lidos y compromisos firmes\u00bb.<\/p>\n\n\n\n<p>Acompa\u00f1ado de la candidata a diputada local, Giovanna Moreno y respaldado por ex agentes municipales, el abanderado de \u201cVa por Oaxaca\u201d&nbsp; confirm\u00f3 que los hombres y mujeres que se unen y promueven el voto son&nbsp; la sangre y el coraz\u00f3n de un proyecto sensible y plural que rescatar\u00e1 a la capital de abandono.<\/p>\n","protected":false},"excerpt":{"rendered":"<p>Redacci\u00f3n\/Zona Roja. Oaxaca de Ju\u00e1rez, Oax., 19 de mayo de 2021.- Javier Villaca\u00f1a Jim\u00e9nez, candidato&hellip;<\/p>\n","protected":false},"author":2,"featured_media":27412,"comment_status":"closed","ping_status":"open","sticky":false,"template":"","format":"standard","meta":{"_lmt_disableupdate":"","_lmt_disable":"","_jetpack_memberships_contains_paid_content":false,"footnotes":""},"categories":[109,46],"tags":[2456],"class_list":["post-27411","post","type-post","status-publish","format-standard","has-post-thumbnail","hentry","category-minuto-a-minuto","category-zona-blanca","tag-javier-villacana-jimenez"],"jetpack_featured_media_url":"https:\/\/zonaroja.com.mx\/wp-content\/uploads\/2021\/05\/18May-San-Felipe_1.jpeg","jetpack_sharing_enabled":true,"_links":{"self":[{"href":"https:\/\/zonaroja.com.mx\/index.php?rest_route=\/wp\/v2\/posts\/27411","targetHints":{"allow":["GET"]}}],"collection":[{"href":"https:\/\/zonaroja.com.mx\/index.php?rest_route=\/wp\/v2\/posts"}],"about":[{"href":"https:\/\/zonaroja.com.mx\/index.php?rest_route=\/wp\/v2\/types\/post"}],"author":[{"embeddable":true,"href":"https:\/\/zonaroja.com.mx\/index.php?rest_route=\/wp\/v2\/users\/2"}],"replies":[{"embeddable":true,"href":"https:\/\/zonaroja.com.mx\/index.php?rest_route=%2Fwp%2Fv2%2Fcomments&post=27411"}],"version-history":[{"count":1,"href":"https:\/\/zonaroja.com.mx\/index.php?rest_route=\/wp\/v2\/posts\/27411\/revisions"}],"predecessor-version":[{"id":27413,"href":"https:\/\/zonaroja.com.mx\/index.php?rest_route=\/wp\/v2\/posts\/27411\/revisions\/27413"}],"wp:featuredmedia":[{"embeddable":true,"href":"https:\/\/zonaroja.com.mx\/index.php?rest_route=\/wp\/v2\/media\/27412"}],"wp:attachment":[{"href":"https:\/\/zonaroja.com.mx\/index.php?rest_route=%2Fwp%2Fv2%2Fmedia&parent=27411"}],"wp:term":[{"taxonomy":"category","embeddable":true,"href":"https:\/\/zonaroja.com.mx\/index.php?rest_route=%2Fwp%2Fv2%2Fcategories&post=27411"},{"taxonomy":"post_tag","embeddable":true,"href":"https:\/\/zonaroja.com.mx\/index.php?rest_route=%2Fwp%2Fv2%2Ftags&post=27411"}],"curies":[{"name":"wp","href":"https:\/\/api.w.org\/{rel}","templated":true}]}}