{"id":27414,"date":"2021-05-19T08:02:10","date_gmt":"2021-05-19T13:02:10","guid":{"rendered":"http:\/\/www.zonaroja.com.mx\/?p=27414"},"modified":"2021-05-19T08:02:13","modified_gmt":"2021-05-19T13:02:13","slug":"la-primera-infancia-debe-ser-una-prioridad-del-gobierno-tono-y-mariana","status":"publish","type":"post","link":"https:\/\/zonaroja.com.mx\/?p=27414","title":{"rendered":"\u201cLa Primera Infancia debe ser una prioridad del Gobierno\u201d: To\u00f1o y Mariana"},"content":{"rendered":"\n<p>Redacci\u00f3n\/Zona Roja.<\/p>\n\n\n\n<p>Oaxaca de Ju\u00e1rez, Oax., 19 de mayo de 2021.- Los candidatos a la diputaci\u00f3n federal por el Distrito VIII, Jos\u00e9 Antonio Hern\u00e1ndez Fraguas y Mariana Nassar Pi\u00f1eyro, firmaron el Pacto por la Primera Infancia, donde se comprometieron a que desde el Congreso federal promover\u00e1n las reformas y presupuestos necesarios para contribuir al desarrollo social de las ni\u00f1as y ni\u00f1os en sus primeros a\u00f1os de vida.<\/p>\n\n\n\n<p>El abanderado de la coalici\u00f3n \u201cVa por M\u00e9xico\u201d, To\u00f1o Hern\u00e1ndez Fraguas, conden\u00f3 que el gobierno federal abandon\u00f3 a la ni\u00f1ez de este pa\u00eds, tan solo entre 2018 y 2020 se eliminaron 17 programas presupuestales asociados a la primera infancia.<\/p>\n\n\n\n<p>Asimismo, critic\u00f3 la cancelaci\u00f3n del programa Cruzada Nacional Contra el Hambre, que beneficiaba personas con pobreza extrema alimentaria (incluyendo ni\u00f1os) y del cual no hay sustituto particular para la estrategia.<\/p>\n\n\n\n<p>Por su parte, la suplente de la formula, Mariana Nassar Pi\u00f1eyro, lament\u00f3 que las y los diputados federales votaron a favor de un presupuesto que en 2020 dej\u00f3 sin recursos a cinco mil 542 comedores comunitarios, que atend\u00edan a m\u00e1s de 500 mil usuarios y usuarias.<\/p>\n\n\n\n<p>En tanto el \u00cdndice de Desempe\u00f1o de los Programas P\u00fablicos Federales, que atendi\u00f3 a 53 millones de personas durante 15 a\u00f1os, fue sustituido por el Insabi, programa que no tiene reglas de operaci\u00f3n y que adem\u00e1s cobra cuotas pese que los servicios deben ser gratuitos.<\/p>\n\n\n\n<figure class=\"wp-block-embed-twitter wp-block-embed is-type-rich is-provider-twitter\"><div class=\"wp-block-embed__wrapper\">\n<div class=\"twitter-tweet\"><blockquote class=\"twitter-tweet\" data-lang=\"es\"><p lang=\"es\" dir=\"ltr\">Queremos que las ni\u00f1as y los ni\u00f1os de Oaxaca tengan un desarrollo integral, es por ello que, preocupados por su bienestar, hoy firmamos el <a href=\"https:\/\/twitter.com\/hashtag\/PactoPorLaPrimeraInfancia?src=hash&amp;ref_src=twsrc%5Etfw\">#PactoPorLaPrimeraInfancia<\/a>. <br><br>Nuestro compromiso es a\u00fan mayor con la infancia de M\u00e9xico. \ud83d\udc67\ud83c\udffb\ud83d\udc66\ud83c\udffb \ud83c\uddf2\ud83c\uddfd<a href=\"https:\/\/twitter.com\/hashtag\/LaNi%C3%B1ezImporta?src=hash&amp;ref_src=twsrc%5Etfw\">#LaNi\u00f1ezImporta<\/a> <a href=\"https:\/\/twitter.com\/Pacto1aInfancia?ref_src=twsrc%5Etfw\">@Pacto1aInfancia<\/a> <a href=\"https:\/\/t.co\/Eghw1ZL3n9\">pic.twitter.com\/Eghw1ZL3n9<\/a><\/p>&mdash; To\u00f1o Hern\u00e1ndez Fraguas (@JAHFraguas) <a href=\"https:\/\/twitter.com\/JAHFraguas\/status\/1394488569327235072?ref_src=twsrc%5Etfw\">18 de mayo de 2021<\/a><\/blockquote><\/div>\n<\/div><\/figure>\n\n\n\n<p>El Pacto por la Primera Infancia consiste en el cumplimiento de 10 compromisos que consisten en:<\/p>\n\n\n\n<p>Incluir en el Plan Nacional de Desarrollo los objetivos y l\u00edneas de acci\u00f3n estrat\u00e9gicas necesarias para el cumplimiento de los compromisos del Pacto por la Primera Infancia, establecer una pol\u00edtica para el desarrollo integral de la primera infancia basada en el principio del cuidado cari\u00f1oso y sensible a las necesidades de las ni\u00f1as y ni\u00f1os, aprovechar los instrumentos de levantamiento de informaci\u00f3n con los que cuenta el Estado y desarrollar fuentes de informaci\u00f3n externa necesarias para el monitoreo peri\u00f3dico de los indicadores del Pacto por la Primera Infancia.<\/p>\n\n\n\n<p>As\u00ed como, realizar las adecuaciones normativas y legales que se requieran y asignar en el presupuesto de egresos recursos visibles y suficientes a la Pol\u00edtica para el Desarrollo Integral de la Primera Infancia y Reportar anualmente el avance en el cumplimiento de estos compromisos en el informe de gobierno.<\/p>\n\n\n\n<p>Cabe resaltar que la firma del Pacto por la Primera Infancia tambi\u00e9n fue signado por la candidata plurinominal, Mariana Benitez Tiburcio.<\/p>\n","protected":false},"excerpt":{"rendered":"<p>Redacci\u00f3n\/Zona Roja. Oaxaca de Ju\u00e1rez, Oax., 19 de mayo de 2021.- Los candidatos a la&hellip;<\/p>\n","protected":false},"author":2,"featured_media":27415,"comment_status":"closed","ping_status":"open","sticky":false,"template":"","format":"standard","meta":{"_lmt_disableupdate":"","_lmt_disable":"","_jetpack_memberships_contains_paid_content":false,"footnotes":""},"categories":[109,46],"tags":[2592],"class_list":["post-27414","post","type-post","status-publish","format-standard","has-post-thumbnail","hentry","category-minuto-a-minuto","category-zona-blanca","tag-jose-antonio-hernandez-fraguas"],"jetpack_featured_media_url":"https:\/\/zonaroja.com.mx\/wp-content\/uploads\/2021\/05\/Jose-Antonio-Hernandez-Fraguas-5.jpg","jetpack_sharing_enabled":true,"_links":{"self":[{"href":"https:\/\/zonaroja.com.mx\/index.php?rest_route=\/wp\/v2\/posts\/27414","targetHints":{"allow":["GET"]}}],"collection":[{"href":"https:\/\/zonaroja.com.mx\/index.php?rest_route=\/wp\/v2\/posts"}],"about":[{"href":"https:\/\/zonaroja.com.mx\/index.php?rest_route=\/wp\/v2\/types\/post"}],"author":[{"embeddable":true,"href":"https:\/\/zonaroja.com.mx\/index.php?rest_route=\/wp\/v2\/users\/2"}],"replies":[{"embeddable":true,"href":"https:\/\/zonaroja.com.mx\/index.php?rest_route=%2Fwp%2Fv2%2Fcomments&post=27414"}],"version-history":[{"count":1,"href":"https:\/\/zonaroja.com.mx\/index.php?rest_route=\/wp\/v2\/posts\/27414\/revisions"}],"predecessor-version":[{"id":27416,"href":"https:\/\/zonaroja.com.mx\/index.php?rest_route=\/wp\/v2\/posts\/27414\/revisions\/27416"}],"wp:featuredmedia":[{"embeddable":true,"href":"https:\/\/zonaroja.com.mx\/index.php?rest_route=\/wp\/v2\/media\/27415"}],"wp:attachment":[{"href":"https:\/\/zonaroja.com.mx\/index.php?rest_route=%2Fwp%2Fv2%2Fmedia&parent=27414"}],"wp:term":[{"taxonomy":"category","embeddable":true,"href":"https:\/\/zonaroja.com.mx\/index.php?rest_route=%2Fwp%2Fv2%2Fcategories&post=27414"},{"taxonomy":"post_tag","embeddable":true,"href":"https:\/\/zonaroja.com.mx\/index.php?rest_route=%2Fwp%2Fv2%2Ftags&post=27414"}],"curies":[{"name":"wp","href":"https:\/\/api.w.org\/{rel}","templated":true}]}}