{"id":27420,"date":"2021-05-19T08:26:23","date_gmt":"2021-05-19T13:26:23","guid":{"rendered":"http:\/\/www.zonaroja.com.mx\/?p=27420"},"modified":"2021-05-19T08:26:27","modified_gmt":"2021-05-19T13:26:27","slug":"martes-rojo-ocho-muertos-en-oaxaca-de-ellos-tres-asesinados-uno-taxista","status":"publish","type":"post","link":"https:\/\/zonaroja.com.mx\/?p=27420","title":{"rendered":"Martes rojo: ocho muertos en Oaxaca; de ellos, tres asesinados, uno taxista"},"content":{"rendered":"\n<p>Ismael Garc\u00eda M.\/Zona Roja.<\/p>\n\n\n\n<p>Oaxaca de Ju\u00e1rez, Oax., 19 de mayo de 2021.- Ocho personas perdieron la vida ayer martes en Oaxaca, cinco de ellas por accidentes y tres m\u00e1s presuntamente asesinadas, entre ellas un taxista, por cuarto d\u00eda consecutivo en este \u00faltimo caso.<\/p>\n\n\n\n<p>Ayer fueron localizados los cuerpos de dos personas, arrastradas por las intensas lluvias, en San Pedro Totol\u00e1pam y San Marcos Tlapazola, municipio de Tlacolula de Matamoros; hab\u00eda desaparecido la v\u00edspera.<\/p>\n\n\n\n<p>En tanto, en la comunidad de San Antonio Tonameca, en la regi\u00f3n de la Costa, dos hombres perdieron la vida a causa de un derrumbe de un pozo en que laboraban. Las v\u00edctimas fueron identificadas como Alfredo Edilberto Galv\u00e1n y Juan Almaraz D\u00edaz, originarios de la misma localidad, de Santa Mar\u00eda Tonameca, Pochutla.<\/p>\n\n\n\n<p>Mientras que una persona muri\u00f3 calcinada ayer por la tarde en la carretera federal Oaxaca-Istmo, a la altura del paraje \u201cLas Majajadas\u201d, de Magdalena Tequisistl\u00e1n.<\/p>\n\n\n\n<p>Ello debido a la salida del camino y volcadura de una g\u00f3ndola que transportaba piedras, misma que se incendi\u00f3 al instante.<\/p>\n\n\n\n<p>LOS HOMICIDIOS<\/p>\n\n\n\n<p>Mientras tanto, los restos de un hombre de 30 a\u00f1os aproximadamente fue localizado dentro de una bolsa debajo de un puente en la carretera estatal que comunica a la poblaci\u00f3n de San Pedro Jicay\u00e1n a Pinotepa Nacional y por lo cual tom\u00f3 conocimiento la autoridad ministerial.<\/p>\n\n\n\n<p>En Santiago Jamiltepec, de varios balazos fue ejecutada una persona, cuando conduc\u00eda una camioneta de una empresa de traslado de muebles. El crimen se perpetr\u00f3 alrededor de las 14:00 horas en la carretera federal 200 esquina con la calle Luis Donaldo Colosio en la Quinta Secci\u00f3n, cuando sujetos desconocidos atacaron a balazos al se\u00f1or, Rigoberto M.V. de 30 a\u00f1os de edad; conduc\u00eda la unidad de motor marca Nissan tipo NP300, propiedad de un negocio de renta de muebles en esa comunidad.<\/p>\n\n\n\n<p>A su vez, cuando conduc\u00eda su unidad de motor dedicado al transporte de pasajeros, Ad\u00e1n F., de 45 a\u00f1os de edad, fue asesinado de dos balazos por un sujeto que fue detenido cuando se daba a la fuga en el libramiento de San Pedro Pochutla.<\/p>\n\n\n\n<p>El caso ocurri\u00f3 a las 13:40 horas de ayer martes cuando el se\u00f1or Ad\u00e1n conduc\u00eda la unidad de motor marca Nissan en la carretera a la poblaci\u00f3n De Guzm\u00e1n perteneciente a San Pedro Pochutla.<\/p>\n\n\n\n<p>En el lugar fue interceptado por un sujeto, quien con un arma de fuego le dispar\u00f3 en dos ocasiones y enseguida se fue caminando para darse a la fuga.<\/p>\n","protected":false},"excerpt":{"rendered":"<p>Ismael Garc\u00eda M.\/Zona Roja. Oaxaca de Ju\u00e1rez, Oax., 19 de mayo de 2021.- Ocho personas&hellip;<\/p>\n","protected":false},"author":2,"featured_media":27421,"comment_status":"closed","ping_status":"open","sticky":false,"template":"","format":"standard","meta":{"_lmt_disableupdate":"","_lmt_disable":"","_jetpack_memberships_contains_paid_content":false,"footnotes":""},"categories":[109,51],"tags":[1564],"class_list":["post-27420","post","type-post","status-publish","format-standard","has-post-thumbnail","hentry","category-minuto-a-minuto","category-zona-roja","tag-asesinatos-oaxaca"],"jetpack_featured_media_url":"https:\/\/zonaroja.com.mx\/wp-content\/uploads\/2021\/05\/Asesinado-Costa.jpg","jetpack_sharing_enabled":true,"_links":{"self":[{"href":"https:\/\/zonaroja.com.mx\/index.php?rest_route=\/wp\/v2\/posts\/27420","targetHints":{"allow":["GET"]}}],"collection":[{"href":"https:\/\/zonaroja.com.mx\/index.php?rest_route=\/wp\/v2\/posts"}],"about":[{"href":"https:\/\/zonaroja.com.mx\/index.php?rest_route=\/wp\/v2\/types\/post"}],"author":[{"embeddable":true,"href":"https:\/\/zonaroja.com.mx\/index.php?rest_route=\/wp\/v2\/users\/2"}],"replies":[{"embeddable":true,"href":"https:\/\/zonaroja.com.mx\/index.php?rest_route=%2Fwp%2Fv2%2Fcomments&post=27420"}],"version-history":[{"count":1,"href":"https:\/\/zonaroja.com.mx\/index.php?rest_route=\/wp\/v2\/posts\/27420\/revisions"}],"predecessor-version":[{"id":27422,"href":"https:\/\/zonaroja.com.mx\/index.php?rest_route=\/wp\/v2\/posts\/27420\/revisions\/27422"}],"wp:featuredmedia":[{"embeddable":true,"href":"https:\/\/zonaroja.com.mx\/index.php?rest_route=\/wp\/v2\/media\/27421"}],"wp:attachment":[{"href":"https:\/\/zonaroja.com.mx\/index.php?rest_route=%2Fwp%2Fv2%2Fmedia&parent=27420"}],"wp:term":[{"taxonomy":"category","embeddable":true,"href":"https:\/\/zonaroja.com.mx\/index.php?rest_route=%2Fwp%2Fv2%2Fcategories&post=27420"},{"taxonomy":"post_tag","embeddable":true,"href":"https:\/\/zonaroja.com.mx\/index.php?rest_route=%2Fwp%2Fv2%2Ftags&post=27420"}],"curies":[{"name":"wp","href":"https:\/\/api.w.org\/{rel}","templated":true}]}}