{"id":27424,"date":"2021-05-19T13:02:40","date_gmt":"2021-05-19T18:02:40","guid":{"rendered":"https:\/\/www.zonaroja.com.mx\/?p=27424"},"modified":"2021-05-19T13:05:17","modified_gmt":"2021-05-19T18:05:17","slug":"atacan-a-balazos-a-candidato-a-edil-en-oaxaca-una-menor-lesionada","status":"publish","type":"post","link":"https:\/\/zonaroja.com.mx\/?p=27424","title":{"rendered":"Atacan a balazos a candidato a edil en Oaxaca; una menor lesionada"},"content":{"rendered":"\n<p> Redacci\u00f3n\/Zona Roja. Foto: Cortes\u00eda <\/p>\n\n\n\n<p>Oaxaca de Ju\u00e1rez, Oax., 19 de mayo de 2021.- El candidato a edil de Mariscala de Ju\u00e1rez, Oaxaca, Hugo Jairo Hern\u00e1ndez, del PRI, fue atacado a balazos la ma\u00f1ana de este mi\u00e9rcoles, cuyo saldo es de una menor de edad lesionada. <\/p>\n\n\n\n<p>En un comunicado, la Fiscal\u00eda General del Estado de Oaxaca (FGEO) dijo que inici\u00f3 la carpeta de investigaci\u00f3n correspondiente, por la agresi\u00f3n suscitado la ma\u00f1ana de este mi\u00e9rcoles 19 de mayo en dicha demarcaci\u00f3n de la region  Mixteca.<\/p>\n\n\n\n<p class=\"MsoNormal\">A\u00f1adi\u00f3 que ante estos hechos, inici\u00f3 las diligencias correspondientes -a trav\u00e9s de la Vicefiscal\u00eda Regional de la Mixteca-, desplegando a su personal multidisciplinario conformado por Agentes Estatales de Investigaci\u00f3n, Agentes del Ministerio P\u00fablico y peritos, quienes montaron un cerco en el lugar de los hechos para realizar las primeras indagatorias.&nbsp;<\/p>\n\n\n\n<p class=\"MsoNormal\">Asimismo, la FGEO confirm\u00f3 que, producto del ataque, una ni\u00f1a result\u00f3 lesionada, quien fue trasladada a un hospital para recibir atenci\u00f3n m\u00e9dica especializada; el reporte inicial indica que est\u00e1 estable.&nbsp;<\/p>\n\n\n\n<p class=\"MsoNormal\">\u201cA fin de salvaguardar la integridad de las personas involucradas en este ataque armado, se ordenaron medidas de protecci\u00f3n a las v\u00edctimas, a trav\u00e9s de la polic\u00eda municipal\u201d, expuso. <\/p>\n\n\n\n<p>La menor es hija del candidato,  presenta una lesi\u00f3n por disparo de arma de fuego en el abdomen y fue traslada al \u00e1rea de urgencias del hospital general \u201cPilar S\u00e1nchez Villavicencio\u201d de Huajuapan. <\/p>\n","protected":false},"excerpt":{"rendered":"<p>Redacci\u00f3n\/Zona Roja. Foto: Cortes\u00eda Oaxaca de Ju\u00e1rez, Oax., 19 de mayo de 2021.- El candidato&hellip;<\/p>\n","protected":false},"author":2,"featured_media":27423,"comment_status":"closed","ping_status":"open","sticky":false,"template":"","format":"standard","meta":{"_lmt_disableupdate":"","_lmt_disable":"","_jetpack_memberships_contains_paid_content":false,"footnotes":""},"categories":[109,47],"tags":[1696],"class_list":["post-27424","post","type-post","status-publish","format-standard","has-post-thumbnail","hentry","category-minuto-a-minuto","category-zona-gris","tag-mariscala-de-juarez"],"jetpack_featured_media_url":"https:\/\/zonaroja.com.mx\/wp-content\/uploads\/2021\/05\/img_5560.jpg","jetpack_sharing_enabled":true,"_links":{"self":[{"href":"https:\/\/zonaroja.com.mx\/index.php?rest_route=\/wp\/v2\/posts\/27424","targetHints":{"allow":["GET"]}}],"collection":[{"href":"https:\/\/zonaroja.com.mx\/index.php?rest_route=\/wp\/v2\/posts"}],"about":[{"href":"https:\/\/zonaroja.com.mx\/index.php?rest_route=\/wp\/v2\/types\/post"}],"author":[{"embeddable":true,"href":"https:\/\/zonaroja.com.mx\/index.php?rest_route=\/wp\/v2\/users\/2"}],"replies":[{"embeddable":true,"href":"https:\/\/zonaroja.com.mx\/index.php?rest_route=%2Fwp%2Fv2%2Fcomments&post=27424"}],"version-history":[{"count":1,"href":"https:\/\/zonaroja.com.mx\/index.php?rest_route=\/wp\/v2\/posts\/27424\/revisions"}],"predecessor-version":[{"id":27425,"href":"https:\/\/zonaroja.com.mx\/index.php?rest_route=\/wp\/v2\/posts\/27424\/revisions\/27425"}],"wp:featuredmedia":[{"embeddable":true,"href":"https:\/\/zonaroja.com.mx\/index.php?rest_route=\/wp\/v2\/media\/27423"}],"wp:attachment":[{"href":"https:\/\/zonaroja.com.mx\/index.php?rest_route=%2Fwp%2Fv2%2Fmedia&parent=27424"}],"wp:term":[{"taxonomy":"category","embeddable":true,"href":"https:\/\/zonaroja.com.mx\/index.php?rest_route=%2Fwp%2Fv2%2Fcategories&post=27424"},{"taxonomy":"post_tag","embeddable":true,"href":"https:\/\/zonaroja.com.mx\/index.php?rest_route=%2Fwp%2Fv2%2Ftags&post=27424"}],"curies":[{"name":"wp","href":"https:\/\/api.w.org\/{rel}","templated":true}]}}