{"id":27431,"date":"2021-05-19T16:32:41","date_gmt":"2021-05-19T21:32:41","guid":{"rendered":"http:\/\/www.zonaroja.com.mx\/?p=27431"},"modified":"2021-05-19T16:34:05","modified_gmt":"2021-05-19T21:34:05","slug":"evlin-aragon-zona-roja","status":"publish","type":"post","link":"https:\/\/zonaroja.com.mx\/?p=27431","title":{"rendered":"Totol\u00e1pam, su may\u00fascula tragedia&#8230; y el olvido del gobierno"},"content":{"rendered":"\n<p>Evlin Arag\u00f3n\/Zona Roja.<\/p>\n\n\n\n<p>Oaxaca de Ju\u00e1rez, Oax., 19 de mayo de 2021.- Do\u00f1a Adela D\u00edaz Cruz vive para contarlo. Pas\u00f3 horas de angustia y desesperaci\u00f3n, al ver como el lodo y el agua entraban a su vivienda, sin ninguna posibilidad de impedirlo.<\/p>\n\n\n\n<p>Sus dos hijas, de 15 y 3 a\u00f1os de edad, se llevaron tambi\u00e9n el susto de su vida al observar c\u00f3mo la barranca se vino abajo y se mezcl\u00f3 con el agua que ya corr\u00eda hacia su casa, misma que arras\u00f3 con todas sus cosas.&nbsp;<\/p>\n\n\n\n<p>\u201cYo agarr\u00e9 a mis hijas, una gritaba por el perro, pero su pap\u00e1 le dec\u00eda que era m\u00e1s f\u00e1cil que \u00e9l sobreviviera. Cuentan que hace 40 a\u00f1os sucedi\u00f3 algo similar pero no nos hab\u00eda tocado verlo\u201d, refiri\u00f3 la mujer.<\/p>\n\n\n\n<p>En San Pedro Totol\u00e1pam, la temporada de lluvias lleg\u00f3 y con ello la desgracia a esta comunidad, distante a unos 90 kil\u00f3metros al oriente de la capital.<\/p>\n\n\n\n<p>En medio del lodo, piedras, llanto y tragedias, este mi\u00e9rcoles el pueblo sepult\u00f3 a Eduardo Ortiz, lugare\u00f1o que se convirti\u00f3 en la v\u00edctima fatal de la crecida y desborde del r\u00edo, as\u00ed como de los deslaves que se registraron el pasado lunes y otro poco el martes.<\/p>\n\n\n\n<p>Sin dejar de nombrar las afectaciones materiales, ya que hay cinco viviendas sepultadas y 15 m\u00e1s con da\u00f1os parciales en el paraje conocido como \u201cBarranco de los Tapescos\u201d.<\/p>\n\n\n\n<figure class=\"wp-block-embed-twitter wp-block-embed is-type-rich is-provider-twitter\"><div class=\"wp-block-embed__wrapper\">\n<div class=\"twitter-tweet\"><blockquote class=\"twitter-tweet\" data-lang=\"es\"><p lang=\"es\" dir=\"ltr\"><a href=\"https:\/\/twitter.com\/hashtag\/%C3%9AltimoMinuto?src=hash&amp;ref_src=twsrc%5Etfw\">#\u00daltimoMinuto<\/a> <br>Esta ma\u00f1ana en San Pedro <a href=\"https:\/\/twitter.com\/hashtag\/Totol%C3%A1pam?src=hash&amp;ref_src=twsrc%5Etfw\">#Totol\u00e1pam<\/a>, <a href=\"https:\/\/twitter.com\/hashtag\/Oaxaca?src=hash&amp;ref_src=twsrc%5Etfw\">#Oaxaca<\/a>, se efect\u00faa el sepelio del se\u00f1or Eduardo Ortiz, quien fue arrastrado por la corriente de un r\u00edo la tarde del lunes y cuyo cuerpo fue localizado ayer a 14 kil\u00f3metros del lugar donde desapareci\u00f3. <a href=\"https:\/\/t.co\/IBp05XEIEe\">pic.twitter.com\/IBp05XEIEe<\/a><\/p>&mdash; Zona Roja Oaxaca (@Zona_Roja_Oax) <a href=\"https:\/\/twitter.com\/Zona_Roja_Oax\/status\/1395022027057156097?ref_src=twsrc%5Etfw\">19 de mayo de 2021<\/a><\/blockquote><\/div>\n<\/div><\/figure>\n\n\n\n<p>ARRAS\u00d3 CON TODO<\/p>\n\n\n\n<p>Aniceto Cruz Hern\u00e1ndez tambi\u00e9n fue afectado en su patrimonio, \u00e9l vio c\u00f3mo su vivienda fue arrastrada por la corriente tras el desbordamiento del r\u00edo \u201cQuechiapa\u201d, ubicado en la zona. \u00a0Ni Adela ni Aniceto, han recibido apoyo de las autoridades, hasta el momento.<\/p>\n\n\n\n<p>Los da\u00f1os materiales alcanzaron al jard\u00edn de ni\u00f1os \u201cMar\u00eda Sklodwska\u201d, ubicado en San Juan Guegoyachi, y donde las lluvias tiraron una de las bardas, sin que hasta el momento hayan arribado funcionarios del Instituto Estatal de Educaci\u00f3n P\u00fablica de Oaxaca, ni de otra instancia, para dar atenci\u00f3n a los da\u00f1os ocasionados.<\/p>\n\n\n\n<p>Desde temprana hora, la tradicional banda de viento se hizo sonar para acompa\u00f1ar a decenas de personas que se dieron cita para despedir a Eduardo Ortiz en su \u00faltima morada.<\/p>\n\n\n\n<p>Con algunas personas sin cubrebocas y sin respetar la sana distancia, as\u00ed se llev\u00f3 a cabo el recorrido del domicilio del finado, donde fue velado, al pante\u00f3n del pueblo en donde depositaron el cuerpo de quien se convirti\u00f3 en la v\u00edctima mortal de las intensas lluvias registradas en las \u00faltimas horas.<\/p>\n\n\n\n<p>\u00bfY LA AUTORIDAD?<\/p>\n\n\n\n<p>Pese a que la precipitaci\u00f3n pluvial afect\u00f3 considerablemente la carretera federal 190, que conecta la capital del estado con el Istmo de Tehuantepec, el presidente municipal, Jes\u00fas Le\u00f3n Ram\u00edrez, dio a conocer que no han recibido la visita de las autoridades estatales ni federales para apoyar a la poblaci\u00f3n.<\/p>\n\n\n\n<figure class=\"wp-block-image size-large\"><img decoding=\"async\" width=\"1024\" height=\"768\" src=\"http:\/\/www.zonaroja.com.mx\/wp-content\/uploads\/2021\/05\/Danos-lluvias-Totolapam-2-1024x768.jpg\" alt=\"\" class=\"wp-image-27433\" srcset=\"https:\/\/zonaroja.com.mx\/wp-content\/uploads\/2021\/05\/Danos-lluvias-Totolapam-2-1024x768.jpg 1024w, https:\/\/zonaroja.com.mx\/wp-content\/uploads\/2021\/05\/Danos-lluvias-Totolapam-2-300x225.jpg 300w, https:\/\/zonaroja.com.mx\/wp-content\/uploads\/2021\/05\/Danos-lluvias-Totolapam-2-768x576.jpg 768w, https:\/\/zonaroja.com.mx\/wp-content\/uploads\/2021\/05\/Danos-lluvias-Totolapam-2-1170x877.jpg 1170w, https:\/\/zonaroja.com.mx\/wp-content\/uploads\/2021\/05\/Danos-lluvias-Totolapam-2-585x439.jpg 585w, https:\/\/zonaroja.com.mx\/wp-content\/uploads\/2021\/05\/Danos-lluvias-Totolapam-2.jpg 1199w\" sizes=\"(max-width: 1024px) 100vw, 1024px\" \/><\/figure>\n\n\n\n<p>La ausencia de apoyo ha sido una constante, incluso del propio municipio, as\u00ed lo refieren pobladores del lugar que a trav\u00e9s de las redes sociales denunciaron que dos regidoras se negaron a ayudar a la poblaci\u00f3n que luchaba por evitar que un \u00e1rbol, a orilla de carretera, cayera sobre alguna persona o veh\u00edculo.<\/p>\n\n\n\n<p>Por ello, pidieron la uni\u00f3n de la poblaci\u00f3n al quedar m\u00e1s que demostrado que ninguna autoridad acudir\u00e1 a su rescate, por el contrario, se han mostrado indolentes ante la p\u00e9rdida humana, material y patrimonial que enfrenta el pueblo en estos momentos.<\/p>\n\n\n\n<p>Fue el pasado lunes, 17 de mayo, que las lluvias provocaron el desgajamiento de un terreno en la localidad, que afect\u00f3 una parte de la carretera Panamericana 190, incomunicando a la zona del Istmo de Tehuantepec con el resto del estado.<\/p>\n\n\n\n<p>Hasta el momento s\u00f3lo se ha habilidado un camino provisional y alterno para el paso vehicular, a la altura del kil\u00f3metro 77 de la carretera Oaxaca- Istmo.<\/p>\n","protected":false},"excerpt":{"rendered":"<p>Evlin Arag\u00f3n\/Zona Roja. Oaxaca de Ju\u00e1rez, Oax., 19 de mayo de 2021.- Do\u00f1a Adela D\u00edaz&hellip;<\/p>\n","protected":false},"author":2,"featured_media":27432,"comment_status":"closed","ping_status":"open","sticky":false,"template":"","format":"standard","meta":{"_lmt_disableupdate":"","_lmt_disable":"","_jetpack_memberships_contains_paid_content":false,"footnotes":""},"categories":[109,47],"tags":[1390],"class_list":["post-27431","post","type-post","status-publish","format-standard","has-post-thumbnail","hentry","category-minuto-a-minuto","category-zona-gris","tag-san-pedro-totolapam"],"jetpack_featured_media_url":"https:\/\/zonaroja.com.mx\/wp-content\/uploads\/2021\/05\/Danos-lluvias-Totolapam-1.jpg","jetpack_sharing_enabled":true,"_links":{"self":[{"href":"https:\/\/zonaroja.com.mx\/index.php?rest_route=\/wp\/v2\/posts\/27431","targetHints":{"allow":["GET"]}}],"collection":[{"href":"https:\/\/zonaroja.com.mx\/index.php?rest_route=\/wp\/v2\/posts"}],"about":[{"href":"https:\/\/zonaroja.com.mx\/index.php?rest_route=\/wp\/v2\/types\/post"}],"author":[{"embeddable":true,"href":"https:\/\/zonaroja.com.mx\/index.php?rest_route=\/wp\/v2\/users\/2"}],"replies":[{"embeddable":true,"href":"https:\/\/zonaroja.com.mx\/index.php?rest_route=%2Fwp%2Fv2%2Fcomments&post=27431"}],"version-history":[{"count":2,"href":"https:\/\/zonaroja.com.mx\/index.php?rest_route=\/wp\/v2\/posts\/27431\/revisions"}],"predecessor-version":[{"id":27435,"href":"https:\/\/zonaroja.com.mx\/index.php?rest_route=\/wp\/v2\/posts\/27431\/revisions\/27435"}],"wp:featuredmedia":[{"embeddable":true,"href":"https:\/\/zonaroja.com.mx\/index.php?rest_route=\/wp\/v2\/media\/27432"}],"wp:attachment":[{"href":"https:\/\/zonaroja.com.mx\/index.php?rest_route=%2Fwp%2Fv2%2Fmedia&parent=27431"}],"wp:term":[{"taxonomy":"category","embeddable":true,"href":"https:\/\/zonaroja.com.mx\/index.php?rest_route=%2Fwp%2Fv2%2Fcategories&post=27431"},{"taxonomy":"post_tag","embeddable":true,"href":"https:\/\/zonaroja.com.mx\/index.php?rest_route=%2Fwp%2Fv2%2Ftags&post=27431"}],"curies":[{"name":"wp","href":"https:\/\/api.w.org\/{rel}","templated":true}]}}