{"id":27436,"date":"2021-05-19T17:46:49","date_gmt":"2021-05-19T22:46:49","guid":{"rendered":"http:\/\/www.zonaroja.com.mx\/?p=27436"},"modified":"2021-05-19T17:46:52","modified_gmt":"2021-05-19T22:46:52","slug":"opinion-podredumbre","status":"publish","type":"post","link":"https:\/\/zonaroja.com.mx\/?p=27436","title":{"rendered":"Opini\u00f3n. Podredumbre"},"content":{"rendered":"\n<p>Gibr\u00e1n Ram\u00edrez Reyes*<\/p>\n\n\n\n<p>La vileza es la regla de este proceso electoral y, en general, del momento de la vida p\u00fablica. No sucede solamente aqu\u00ed, sino que el envilecimiento parece indicio universal del cambio de \u00e9poca.<\/p>\n\n\n\n<p>Quiz\u00e1, cuando un orden se disuelve con sus reglas, hay un momento en que todo parece permitido y suceden fen\u00f3menos morbosos antes de que nuevos l\u00edmites morales y legales se establezcan con claridad (espero que lleguen a establecerse) y las consecuencias de no respetarlos sean un bien social suficientemente apreciado para imponerse y que la voluntad general no prefiera el desorden.<\/p>\n\n\n\n<p>Hay quien lo sintetiza en una frase de Gramsci muy conocida: \u201clo viejo no termina de morir, lo nuevo no termina de nacer, y en ese claroscuro surgen los monstruos\u201d; una frase al parecer mal traducida, porque lo que observaba el italiano de forma m\u00e1s ecu\u00e1nime era un interregno entre dos \u00f3rdenes, dos mundos, caracterizado por s\u00edntomas m\u00f3rbidos (o bien, fen\u00f3menos morbosos) del m\u00e1s diverso tipo.&nbsp;<\/p>\n\n\n\n<p>Ya preocupaba la trivializaci\u00f3n de la muerte violenta. Ahora podemos observar tambi\u00e9n su instrumentalizaci\u00f3n electoral sin escr\u00fapulos de ning\u00fan tipo. El ejemplo m\u00e1s vil es Dante Delgado, quien no se limit\u00f3 a lamentar el cruel asesinato de Abel Murrieta, sino que utiliz\u00f3 su cad\u00e1ver para cargar contra la Presidencia de la Rep\u00fablica, directamente responsabilizando al titular del Ejecutivo de un hecho doloroso.<\/p>\n\n\n\n<p>Lo hizo todo Movimiento Ciudadano, porque esta p\u00e9rdida sirve para golpear al presidente y a su candidato en Sonora. Cuando no es as\u00ed, callan. He aqu\u00ed que fue asesinado en marzo pasado Alfredo Sevilla, el alcalde con licencia de Casimiro Castillo electo por el partido Movimiento Ciudadano, por el que adem\u00e1s buscaba su reelecci\u00f3n.<\/p>\n\n\n\n<p>He aqu\u00ed que fue asesinado en ese territorio de balas, muerte y abuso policial que es el estado de Jalisco, donde gobierna Movimiento Ciudadano. Como en la regi\u00f3n es un hecho conocido el dominio del C\u00e1rtel Jalisco, que anda all\u00ed a sus anchas y sin molestias, como ese era el \u201ccontexto de la regi\u00f3n\u201d \u2013as\u00ed lo justific\u00f3 el fiscal en su tiempo\u2013, no hubo protestas airadas, lamentos sonoros.<\/p>\n\n\n\n<p>No le serv\u00eda a Dante Delgado ni a su partido para golpear al presidente, sino al contrario: habr\u00edan raspado a Alfaro, su gobernador. Rein\u00f3 el silencio, como silencio hubo respecto al aborto causado por la golpiza que un equipo de Juan Zepeda, tambi\u00e9n de MC, infligi\u00f3 a una brigadista de Morena que hac\u00eda su trabajo pol\u00edtico estando embarazada.<\/p>\n\n\n\n<p>Ni la violencia pol\u00edtica ni el orden violento de amplias regiones del pa\u00eds deber\u00edan trivializarse. Para hablar de ello, todos los actores de la vida p\u00fablica deber\u00edamos estar en la misma mesa. En estos tiempos, parece, sin embargo, que no hay siquiera una mesa en com\u00fan.<\/p>\n\n\n\n<p>El reclamo por la muerte existe cuando convenga para la campa\u00f1a. La muerte, en m\u00e1s de un sentido, est\u00e1 al servicio de la pol\u00edtica electoral. Venimos de las elecciones m\u00e1s violentas de la historia.<\/p>\n\n\n\n<p>En 2018 se asesin\u00f3 a m\u00e1s de 150 pol\u00edticos (49 eran candidatos). Este a\u00f1o estamos cerca de los 80 (30, candidatos). Sobre todo en la pol\u00edtica municipal, algo est\u00e1 podrido desde hace a\u00f1os. Hay a quien le gusta coger la podredumbre, amasarla, lanzarla a sus adversarios, embadurnarse con el resto.&nbsp;<\/p>\n\n\n\n<p>* Doctor en Ciencia Pol\u00edtica por la UNAM.<\/p>\n","protected":false},"excerpt":{"rendered":"<p>Gibr\u00e1n Ram\u00edrez Reyes* La vileza es la regla de este proceso electoral y, en general,&hellip;<\/p>\n","protected":false},"author":2,"featured_media":24099,"comment_status":"closed","ping_status":"open","sticky":false,"template":"","format":"standard","meta":{"_lmt_disableupdate":"","_lmt_disable":"","_jetpack_memberships_contains_paid_content":false,"footnotes":""},"categories":[456,109],"tags":[2489],"class_list":["post-27436","post","type-post","status-publish","format-standard","has-post-thumbnail","hentry","category-columna","category-minuto-a-minuto","tag-gibran-ramirez-reyes"],"jetpack_featured_media_url":"https:\/\/zonaroja.com.mx\/wp-content\/uploads\/2021\/02\/Gibran-Ramirez-Reyes.jpg","jetpack_sharing_enabled":true,"_links":{"self":[{"href":"https:\/\/zonaroja.com.mx\/index.php?rest_route=\/wp\/v2\/posts\/27436","targetHints":{"allow":["GET"]}}],"collection":[{"href":"https:\/\/zonaroja.com.mx\/index.php?rest_route=\/wp\/v2\/posts"}],"about":[{"href":"https:\/\/zonaroja.com.mx\/index.php?rest_route=\/wp\/v2\/types\/post"}],"author":[{"embeddable":true,"href":"https:\/\/zonaroja.com.mx\/index.php?rest_route=\/wp\/v2\/users\/2"}],"replies":[{"embeddable":true,"href":"https:\/\/zonaroja.com.mx\/index.php?rest_route=%2Fwp%2Fv2%2Fcomments&post=27436"}],"version-history":[{"count":1,"href":"https:\/\/zonaroja.com.mx\/index.php?rest_route=\/wp\/v2\/posts\/27436\/revisions"}],"predecessor-version":[{"id":27437,"href":"https:\/\/zonaroja.com.mx\/index.php?rest_route=\/wp\/v2\/posts\/27436\/revisions\/27437"}],"wp:featuredmedia":[{"embeddable":true,"href":"https:\/\/zonaroja.com.mx\/index.php?rest_route=\/wp\/v2\/media\/24099"}],"wp:attachment":[{"href":"https:\/\/zonaroja.com.mx\/index.php?rest_route=%2Fwp%2Fv2%2Fmedia&parent=27436"}],"wp:term":[{"taxonomy":"category","embeddable":true,"href":"https:\/\/zonaroja.com.mx\/index.php?rest_route=%2Fwp%2Fv2%2Fcategories&post=27436"},{"taxonomy":"post_tag","embeddable":true,"href":"https:\/\/zonaroja.com.mx\/index.php?rest_route=%2Fwp%2Fv2%2Ftags&post=27436"}],"curies":[{"name":"wp","href":"https:\/\/api.w.org\/{rel}","templated":true}]}}