{"id":27438,"date":"2021-05-19T18:27:14","date_gmt":"2021-05-19T23:27:14","guid":{"rendered":"http:\/\/www.zonaroja.com.mx\/?p=27438"},"modified":"2021-05-19T18:27:16","modified_gmt":"2021-05-19T23:27:16","slug":"javier-villacana-se-estanca-jesus-ruiz-avanza-martinez-neri-se-desploma-en-la-capital","status":"publish","type":"post","link":"https:\/\/zonaroja.com.mx\/?p=27438","title":{"rendered":"Javier Villaca\u00f1a se estanca, Jes\u00fas Ruiz avanza, Mart\u00ednez Neri se desploma en la capital"},"content":{"rendered":"\n<p>Redacci\u00f3n\/Zona Roja.<\/p>\n\n\n\n<p>Oaxaca de Ju\u00e1rez, Oax., 19 de mayo de 2021.- Al inicio de la contienda electoral, Javier Villaca\u00f1a, de la coalici\u00f3n \u201cVa por M\u00e9xico\u201d formada por el PRI-PAN-PRD, se encontraban en primer lugar de preferencia y con algunos puntos arriba del candidato de Morena, Francisco Mart\u00ednez Neri.<\/p>\n\n\n\n<p>Sin embargo, a menos de dos semanas de que se defina quien ser\u00e1 el pr\u00f3ximo presidente municipal del trienio 2022-2024, las encuestas y las preferencias electorales apuntalan a Jes\u00fas Ruiz quien en un descuido estar\u00eda ganando la alcald\u00eda capitalina.<\/p>\n\n\n\n<p>Esto ha puesto a temblar a las bases del priismo que se ve\u00eda despachando desde el primero de enero en las oficinas de la Plaza de la Danza, pues jam\u00e1s pensaron que su rival a vencer ser\u00eda Fuerza por M\u00e9xico y su candidato Jes\u00fas Ruiz Olmedo, y m\u00e1s bien se prepararon para la contienda final entre Morena y la coalici\u00f3n Va por M\u00e9xico.<\/p>\n\n\n\n<p>En este escenario tal parece que la desesperaci\u00f3n ha llegado a las dirigencias estatales del PAN, PRI Y PRD pues ya han crecido su m\u00e1ximo tope y no ven de que otra forma la ciudan\u00eda pueda darles su voto de confianza, por otra parte al interior del equipo de campa\u00f1a de Mart\u00ednez Neri se habla de un gran desorden, falta de comunicaci\u00f3n, tratos d\u00e9spotas y acosos de sus coordinadores, adem\u00e1s de&nbsp; reuniones con la militancia en donde simplemente no llega la gente convocada y una gran cantidad de referentes desertores que no se sumaron al proyecto del contador Neri<\/p>\n\n\n\n<p>Aunado a esto, seg\u00fan cuentan los mismos coordinadores de su&nbsp; campa\u00f1a la mala administraci\u00f3n del actual edil de Oaxaca de Ju\u00e1rez Oswaldo Garc\u00eda Jarqu\u00edn ha sido la cruz que ha tendido que cargar en estos d\u00edas de campa\u00f1a y aunque Neri tenga una buena reputaci\u00f3n no as\u00ed quienes integran su planilla y que aun forman parte de esta administraci\u00f3n.<\/p>\n\n\n\n<p>Por otro lado, se encuentra Jes\u00fas Ruiz Olmedo, quien en esta coyuntura les dio la oportunidad a esos sectores de izquierda que jam\u00e1s se sintieron representados por Morena, lo que le permiti\u00f3 crecer apresuradamente y en la segunda semana colocarse en segunda posici\u00f3n desbancando a Mart\u00ednez Neri.<\/p>\n\n\n\n<p>Tal como van las cosas, el nuevo referente de la izquierda en el estado es\u00a0 Fuerza por M\u00e9xico y su candidato Jes\u00fas Ruiz Olmedo ser\u00e1 el primer presidente municipal de Oaxaca de Ju\u00e1rez que venga de la sociedad civil,\u00a0 con un origen humilde, lo que pol\u00edticamente ser\u00eda el destierro de la derecha y la agon\u00eda de un Morena que no es tan diferente de los partidos que tanto cr\u00edtica y que adem\u00e1s en Oaxaca los dirigentes de Morena no ha sido para nada aliados del presidente, pues solo han visto sus propios intereses.<\/p>\n\n\n\n<figure class=\"wp-block-embed-twitter wp-block-embed is-type-rich is-provider-twitter\"><div class=\"wp-block-embed__wrapper\">\n<div class=\"twitter-tweet\"><blockquote class=\"twitter-tweet\" data-lang=\"es\"><p lang=\"es\" dir=\"ltr\">Llego la hora que nadie, absolutamente nadie se quede sin voz. Es tiempo de gobernar para todas y todos, por qu\u00e9 Oaxaca es fiesta, amor, comunidad!!! Oaxaca es Guelaguetza!!! <a href=\"https:\/\/t.co\/ThYBdtbnCg\">pic.twitter.com\/ThYBdtbnCg<\/a><\/p>&mdash; Jes\u00fas Ruiz Olmedo (@ruizolmedojesus) <a href=\"https:\/\/twitter.com\/ruizolmedojesus\/status\/1394700183322116109?ref_src=twsrc%5Etfw\">18 de mayo de 2021<\/a><\/blockquote><\/div>\n<\/div><\/figure>\n\n\n\n<p>CAPITAL INCLUYENTE<\/p>\n\n\n\n<p>Por otra parte, con el compromiso de visibilizar y garantizar que&nbsp; los derechos de todos los sectores de la sociedad sean respetados, Jes\u00fas Ruiz Olmedo candidato a la presidencia municipal de Oaxaca de Ju\u00e1rez por el partido Fuerza por M\u00e9xico asegur\u00f3 que en su gobierno la ciudad ser\u00e1 una capital incluyente.<\/p>\n\n\n\n<p>Al llevar a cabo \u201cLa Firma de la Agenda para la Igualdad y No Discriminaci\u00f3n en favor de la comunidad LGTBI+&nbsp; con el partido Fuerza por M\u00e9xico\u201d,&nbsp; Ruiz Olmedo&nbsp; enfatiz\u00f3 que es necesario terminar con la discriminaci\u00f3n hacia las personas que tienen una orientaci\u00f3n sexual diferente y una identidad de g\u00e9nero distinta.<\/p>\n\n\n\n<p>Ruiz olmedo dijo que es un aliado de la comunidad LGTBI+&nbsp; y de todos aquellos sectores que hist\u00f3ricamente han sido discriminados o no han sido tomados en cuenta, por lo cual uno de sus ejes de trabajo al asumir el cargo de presidente municipal el 1 de enero del 2022 es el de Capital Incluyente.<\/p>\n\n\n\n<p>El candidato de Fuerza por M\u00e9xico dijo que se crear\u00e1 el&nbsp; Instituto Municipal de la Diversidad, se dar\u00e1 impulso y oportunidad de emprendimiento a personas con discapacidad, se realizaran estrategias para un turismo incluyente, se crear\u00e1 una Refugio para Mujeres que son v\u00edctimas de violencia, as\u00ed como la implementaci\u00f3n de la Casa de la Salud para grupos vulnerables, se realizar\u00e1n programas de vacunaci\u00f3n, esterilizaci\u00f3n y cuidado a los animales de compa\u00f1\u00eda.<\/p>\n","protected":false},"excerpt":{"rendered":"<p>Redacci\u00f3n\/Zona Roja. Oaxaca de Ju\u00e1rez, Oax., 19 de mayo de 2021.- Al inicio de la&hellip;<\/p>\n","protected":false},"author":2,"featured_media":27439,"comment_status":"closed","ping_status":"open","sticky":false,"template":"","format":"standard","meta":{"_lmt_disableupdate":"","_lmt_disable":"","_jetpack_memberships_contains_paid_content":false,"footnotes":""},"categories":[109,46],"tags":[2654],"class_list":["post-27438","post","type-post","status-publish","format-standard","has-post-thumbnail","hentry","category-minuto-a-minuto","category-zona-blanca","tag-jesus-ruiz-olmedo"],"jetpack_featured_media_url":"https:\/\/zonaroja.com.mx\/wp-content\/uploads\/2021\/05\/Jesus-Ruiz-Olmedo2.jpg","jetpack_sharing_enabled":true,"_links":{"self":[{"href":"https:\/\/zonaroja.com.mx\/index.php?rest_route=\/wp\/v2\/posts\/27438","targetHints":{"allow":["GET"]}}],"collection":[{"href":"https:\/\/zonaroja.com.mx\/index.php?rest_route=\/wp\/v2\/posts"}],"about":[{"href":"https:\/\/zonaroja.com.mx\/index.php?rest_route=\/wp\/v2\/types\/post"}],"author":[{"embeddable":true,"href":"https:\/\/zonaroja.com.mx\/index.php?rest_route=\/wp\/v2\/users\/2"}],"replies":[{"embeddable":true,"href":"https:\/\/zonaroja.com.mx\/index.php?rest_route=%2Fwp%2Fv2%2Fcomments&post=27438"}],"version-history":[{"count":1,"href":"https:\/\/zonaroja.com.mx\/index.php?rest_route=\/wp\/v2\/posts\/27438\/revisions"}],"predecessor-version":[{"id":27440,"href":"https:\/\/zonaroja.com.mx\/index.php?rest_route=\/wp\/v2\/posts\/27438\/revisions\/27440"}],"wp:featuredmedia":[{"embeddable":true,"href":"https:\/\/zonaroja.com.mx\/index.php?rest_route=\/wp\/v2\/media\/27439"}],"wp:attachment":[{"href":"https:\/\/zonaroja.com.mx\/index.php?rest_route=%2Fwp%2Fv2%2Fmedia&parent=27438"}],"wp:term":[{"taxonomy":"category","embeddable":true,"href":"https:\/\/zonaroja.com.mx\/index.php?rest_route=%2Fwp%2Fv2%2Fcategories&post=27438"},{"taxonomy":"post_tag","embeddable":true,"href":"https:\/\/zonaroja.com.mx\/index.php?rest_route=%2Fwp%2Fv2%2Ftags&post=27438"}],"curies":[{"name":"wp","href":"https:\/\/api.w.org\/{rel}","templated":true}]}}