{"id":27444,"date":"2021-05-19T20:21:05","date_gmt":"2021-05-20T01:21:05","guid":{"rendered":"http:\/\/www.zonaroja.com.mx\/?p=27444"},"modified":"2021-05-19T20:21:09","modified_gmt":"2021-05-20T01:21:09","slug":"diputado-cesar-morales-nino-se-integra-a-fraccion-de-morena-en-el-congreso","status":"publish","type":"post","link":"https:\/\/zonaroja.com.mx\/?p=27444","title":{"rendered":"Diputado C\u00e9sar Morales Ni\u00f1o se integra a fracci\u00f3n de Morena en el Congreso"},"content":{"rendered":"\n<p>Yuridiana Sosa\/Zona Roja.<\/p>\n\n\n\n<p>Oaxaca de Ju\u00e1rez, Oax., 19 de mayo de 2021.- El diputado local C\u00e9sar Morales Ni\u00f1o se integr\u00f3 a la fracci\u00f3n parlamentaria del Partido Morena en la 64 Legislatura del Congreso de Oaxaca.<\/p>\n\n\n\n<p>A m\u00e1s de un mes y medio de su renuncia al Partido del Trabajo, este mi\u00e9rcoles el legislador dio a conocer su nuevo grupo parlamentario, por medio de su cuenta de Twitter.<\/p>\n\n\n\n<p>\u201c\u00a1Somos #Morena!, caminamos al lado de nuestro presidente \u2013Andr\u00e9s Manuel L\u00f3pez Obrador\u201d, escribi\u00f3 y acompa\u00f1\u00f3 el mensaje con una fotograf\u00eda junto al Presidente de M\u00e9xico.<\/p>\n\n\n\n<p>Agradeci\u00f3 la confianza del grupo parlamentario de Morena por el respaldo para \u201cformar parte de la fuerza pol\u00edtica m\u00e1s importante de Oaxaca y M\u00e9xico\u201d.<\/p>\n\n\n\n<p>El diputado present\u00f3 su renuncia al Partido del Trabajo el pasado 1 de abril, sin dar explicaciones de su separaci\u00f3n y por lo que ya no representar\u00eda al organismo en la C\u00e1mara local.<\/p>\n\n\n\n<p>A trav\u00e9s de un escrito que public\u00f3 en ese entonces, Morales Ni\u00f1o dijo que su camino era para \u201cnuevos proyectos pol\u00edticos por el bien de nuestro pueblo\u201d.<\/p>\n\n\n\n<p>\u201cManifiesto mi libre voluntad de renunciar como militante, integrante de los \u00f3rganos estatales de direcci\u00f3n, representaci\u00f3n electoral e integrante del grupo parlamentario del Partido del Trabajo (PT) en Oaxaca, por lo cual solicito atentamente mi baja del padr\u00f3n de afiliados del mismo\u201d, cit\u00f3 en el oficio en abril pasado.<\/p>\n\n\n\n<p>Con el PT,&nbsp; C\u00e9sar Morales lleg\u00f3 a la diputaci\u00f3n local representando el distrito local V con cabecera en Asunci\u00f3n Nochixtl\u00e1n y fue presidente de la Mesa Directiva en el primer a\u00f1o de ejercicio legislativo.<\/p>\n","protected":false},"excerpt":{"rendered":"<p>Yuridiana Sosa\/Zona Roja. Oaxaca de Ju\u00e1rez, Oax., 19 de mayo de 2021.- El diputado local&hellip;<\/p>\n","protected":false},"author":2,"featured_media":27445,"comment_status":"closed","ping_status":"open","sticky":false,"template":"","format":"standard","meta":{"_lmt_disableupdate":"","_lmt_disable":"","_jetpack_memberships_contains_paid_content":false,"footnotes":""},"categories":[109,46],"tags":[612],"class_list":["post-27444","post","type-post","status-publish","format-standard","has-post-thumbnail","hentry","category-minuto-a-minuto","category-zona-blanca","tag-cesar-morales-nino"],"jetpack_featured_media_url":"https:\/\/zonaroja.com.mx\/wp-content\/uploads\/2021\/05\/Cesar-Morales-Nino-1.jpg","jetpack_sharing_enabled":true,"_links":{"self":[{"href":"https:\/\/zonaroja.com.mx\/index.php?rest_route=\/wp\/v2\/posts\/27444","targetHints":{"allow":["GET"]}}],"collection":[{"href":"https:\/\/zonaroja.com.mx\/index.php?rest_route=\/wp\/v2\/posts"}],"about":[{"href":"https:\/\/zonaroja.com.mx\/index.php?rest_route=\/wp\/v2\/types\/post"}],"author":[{"embeddable":true,"href":"https:\/\/zonaroja.com.mx\/index.php?rest_route=\/wp\/v2\/users\/2"}],"replies":[{"embeddable":true,"href":"https:\/\/zonaroja.com.mx\/index.php?rest_route=%2Fwp%2Fv2%2Fcomments&post=27444"}],"version-history":[{"count":1,"href":"https:\/\/zonaroja.com.mx\/index.php?rest_route=\/wp\/v2\/posts\/27444\/revisions"}],"predecessor-version":[{"id":27446,"href":"https:\/\/zonaroja.com.mx\/index.php?rest_route=\/wp\/v2\/posts\/27444\/revisions\/27446"}],"wp:featuredmedia":[{"embeddable":true,"href":"https:\/\/zonaroja.com.mx\/index.php?rest_route=\/wp\/v2\/media\/27445"}],"wp:attachment":[{"href":"https:\/\/zonaroja.com.mx\/index.php?rest_route=%2Fwp%2Fv2%2Fmedia&parent=27444"}],"wp:term":[{"taxonomy":"category","embeddable":true,"href":"https:\/\/zonaroja.com.mx\/index.php?rest_route=%2Fwp%2Fv2%2Fcategories&post=27444"},{"taxonomy":"post_tag","embeddable":true,"href":"https:\/\/zonaroja.com.mx\/index.php?rest_route=%2Fwp%2Fv2%2Ftags&post=27444"}],"curies":[{"name":"wp","href":"https:\/\/api.w.org\/{rel}","templated":true}]}}