{"id":27453,"date":"2021-05-19T22:03:40","date_gmt":"2021-05-20T03:03:40","guid":{"rendered":"http:\/\/www.zonaroja.com.mx\/?p=27453"},"modified":"2021-05-20T06:16:02","modified_gmt":"2021-05-20T11:16:02","slug":"sin-freno-protestas-contra-los-sso-por-posibles-actos-de-corrupcion","status":"publish","type":"post","link":"https:\/\/zonaroja.com.mx\/?p=27453","title":{"rendered":"Sin freno protestas contra los SSO, por posibles actos de corrupci\u00f3n"},"content":{"rendered":"\n<p>Yuridiana Sosa\/Zona Roja.<\/p>\n\n\n\n<p>Oaxaca de Ju\u00e1rez, Oax., 19 de mayo de 2021.- El Frente Nacional de Trabajadores de Salud en la Rep\u00fablica Mexicana (FNTSRM) se apoder\u00f3 hoy de las oficinas de la Direcci\u00f3n de Administraci\u00f3n de los Servicios de Salud de Oaxaca, en la capital, por posibles actos de corrupci\u00f3n en agravio al personal de honorarios.<\/p>\n\n\n\n<p>Los inconformes cerraron la sede administrativa en la colonia Reforma, al norte de la ciudad de Oaxaca, donde por medio de carteles y lonas demandaron la renuncia de funcionarios de, entre ellos de Ricardo P\u00e1ez y David Sumano.<\/p>\n\n\n\n<p>El Frente Nacional Secci\u00f3n Oaxaca se\u00f1al\u00f3 un presunto desv\u00edo millonario por parte de la Direcci\u00f3n de Administraci\u00f3n, pues hace firmar al personal de honorarios sus n\u00f3minas, pero no les han pagado.<\/p>\n\n\n\n<p>La Direcci\u00f3n de Prevenci\u00f3n y Promoci\u00f3n de la Salud tambi\u00e9n comprueba el gasto de gasolina con veh\u00edculos siniestrados, as\u00ed como denunciaron que se paga vi\u00e1ticos a trabajadores del \u00e1rea de vectores que est\u00e1n en campa\u00f1a pol\u00edtica en la jurisdicci\u00f3n sanitaria de Tuxtepec.<\/p>\n\n\n\n<p>La representaci\u00f3n de los manifestantes tambi\u00e9n exigi\u00f3 seguro social para sus agremiados y respeto a la Ley de trabajadores al servicio del Estado.<\/p>\n\n\n\n<p>Apenas el pasado 4 de mayo los integrantes del Frente Nacional de Trabajadores de Salud en la Rep\u00fablica Mexicana se manifestaron en este mismo complejo por la imposici\u00f3n de funcionarios en las jurisdicciones por encima de los c\u00f3digos y antig\u00fcedad laboral de trabajadores.<\/p>\n","protected":false},"excerpt":{"rendered":"<p>Yuridiana Sosa\/Zona Roja. Oaxaca de Ju\u00e1rez, Oax., 19 de mayo de 2021.- El Frente Nacional&hellip;<\/p>\n","protected":false},"author":2,"featured_media":27454,"comment_status":"closed","ping_status":"open","sticky":false,"template":"","format":"standard","meta":{"_lmt_disableupdate":"","_lmt_disable":"","_jetpack_memberships_contains_paid_content":false,"footnotes":""},"categories":[109,47],"tags":[1005],"class_list":["post-27453","post","type-post","status-publish","format-standard","has-post-thumbnail","hentry","category-minuto-a-minuto","category-zona-gris","tag-servicios-de-salud-de-oaxaca-sso"],"jetpack_featured_media_url":"https:\/\/zonaroja.com.mx\/wp-content\/uploads\/2021\/05\/Protesta-Salud.jpg","jetpack_sharing_enabled":true,"_links":{"self":[{"href":"https:\/\/zonaroja.com.mx\/index.php?rest_route=\/wp\/v2\/posts\/27453","targetHints":{"allow":["GET"]}}],"collection":[{"href":"https:\/\/zonaroja.com.mx\/index.php?rest_route=\/wp\/v2\/posts"}],"about":[{"href":"https:\/\/zonaroja.com.mx\/index.php?rest_route=\/wp\/v2\/types\/post"}],"author":[{"embeddable":true,"href":"https:\/\/zonaroja.com.mx\/index.php?rest_route=\/wp\/v2\/users\/2"}],"replies":[{"embeddable":true,"href":"https:\/\/zonaroja.com.mx\/index.php?rest_route=%2Fwp%2Fv2%2Fcomments&post=27453"}],"version-history":[{"count":1,"href":"https:\/\/zonaroja.com.mx\/index.php?rest_route=\/wp\/v2\/posts\/27453\/revisions"}],"predecessor-version":[{"id":27455,"href":"https:\/\/zonaroja.com.mx\/index.php?rest_route=\/wp\/v2\/posts\/27453\/revisions\/27455"}],"wp:featuredmedia":[{"embeddable":true,"href":"https:\/\/zonaroja.com.mx\/index.php?rest_route=\/wp\/v2\/media\/27454"}],"wp:attachment":[{"href":"https:\/\/zonaroja.com.mx\/index.php?rest_route=%2Fwp%2Fv2%2Fmedia&parent=27453"}],"wp:term":[{"taxonomy":"category","embeddable":true,"href":"https:\/\/zonaroja.com.mx\/index.php?rest_route=%2Fwp%2Fv2%2Fcategories&post=27453"},{"taxonomy":"post_tag","embeddable":true,"href":"https:\/\/zonaroja.com.mx\/index.php?rest_route=%2Fwp%2Fv2%2Ftags&post=27453"}],"curies":[{"name":"wp","href":"https:\/\/api.w.org\/{rel}","templated":true}]}}