{"id":27456,"date":"2021-05-20T08:05:01","date_gmt":"2021-05-20T13:05:01","guid":{"rendered":"http:\/\/www.zonaroja.com.mx\/?p=27456"},"modified":"2021-05-20T08:05:55","modified_gmt":"2021-05-20T13:05:55","slug":"aun-sin-identificar-ejecutado-y-descuartizado-en-matias-romero-oaxaca","status":"publish","type":"post","link":"https:\/\/zonaroja.com.mx\/?p=27456","title":{"rendered":"A\u00fan sin identificar, ejecutado y descuartizado en Mat\u00edas Romero, Oaxaca"},"content":{"rendered":"\n<p>Redacci\u00f3n\/Zona Roja.<\/p>\n\n\n\n<p>Oaxaca de Ju\u00e1rez, Oax., 20 de mayo de 2021.- En calidad de desconocido permanecen los restos de un cuerpo hallado ayer en la localidad de Palomares, municipio de Mat\u00edas Romero Avenda\u00f1o, al norte de la regi\u00f3n del Istmo, Oaxaca.<\/p>\n\n\n\n<p>Una cabeza humana y miembros inferiores y superiores fueron encontrados cerca del pante\u00f3n municipal y al momento se desconoce a qui\u00e9n pertenece; los otros restos a\u00fan no han sido localizados; en el sitio apareci\u00f3 tambi\u00e9n una cartulina con un mensaje.<\/p>\n\n\n\n<p>Mientras tanto en San Dionisio Ocotepec, de la regi\u00f3n Valles Centrales, una persona adulta fue asesinada a pu\u00f1aladas.<\/p>\n\n\n\n<p>Se trata de Fidel A. G., de aproximadamente 63 a\u00f1os de edad, quien fue localizado en la privada de Ni\u00f1os H\u00e9roes del barrio Libertad; hasta el momento se desconoce qui\u00e9n o qui\u00e9nes le hayan quitado la vida, por lesiones producidas por arma blanca.<\/p>\n\n\n\n<p>En tanto que en San Jacinto Amilpas, municipio conurbado a la capital, un repartidor de gas fue agredido a balazos durante un asalto. La v\u00edctima fue identificada como Abundio, de 59 a\u00f1os de edad, quien fue interceptado en la calle M\u00e9xico de la colonia Ejidal.<\/p>\n\n\n\n<p>En San Juan Guichicovi, un joven motociclista perdi\u00f3 la vida al ser arrollado por una unidad de motor, en la carretera hacia la localidad de Boca del Monte; fue identificado como Marco Antonio Z. H. <\/p>\n","protected":false},"excerpt":{"rendered":"<p>Redacci\u00f3n\/Zona Roja. Oaxaca de Ju\u00e1rez, Oax., 20 de mayo de 2021.- En calidad de desconocido&hellip;<\/p>\n","protected":false},"author":2,"featured_media":18317,"comment_status":"closed","ping_status":"open","sticky":false,"template":"","format":"standard","meta":{"_lmt_disableupdate":"","_lmt_disable":"","_jetpack_memberships_contains_paid_content":false,"footnotes":""},"categories":[109,51],"tags":[1758],"class_list":["post-27456","post","type-post","status-publish","format-standard","has-post-thumbnail","hentry","category-minuto-a-minuto","category-zona-roja","tag-san-dionisio-ocotepec"],"jetpack_featured_media_url":"https:\/\/zonaroja.com.mx\/wp-content\/uploads\/2020\/10\/Escena-del-crimen5.jpg","jetpack_sharing_enabled":true,"_links":{"self":[{"href":"https:\/\/zonaroja.com.mx\/index.php?rest_route=\/wp\/v2\/posts\/27456","targetHints":{"allow":["GET"]}}],"collection":[{"href":"https:\/\/zonaroja.com.mx\/index.php?rest_route=\/wp\/v2\/posts"}],"about":[{"href":"https:\/\/zonaroja.com.mx\/index.php?rest_route=\/wp\/v2\/types\/post"}],"author":[{"embeddable":true,"href":"https:\/\/zonaroja.com.mx\/index.php?rest_route=\/wp\/v2\/users\/2"}],"replies":[{"embeddable":true,"href":"https:\/\/zonaroja.com.mx\/index.php?rest_route=%2Fwp%2Fv2%2Fcomments&post=27456"}],"version-history":[{"count":2,"href":"https:\/\/zonaroja.com.mx\/index.php?rest_route=\/wp\/v2\/posts\/27456\/revisions"}],"predecessor-version":[{"id":27458,"href":"https:\/\/zonaroja.com.mx\/index.php?rest_route=\/wp\/v2\/posts\/27456\/revisions\/27458"}],"wp:featuredmedia":[{"embeddable":true,"href":"https:\/\/zonaroja.com.mx\/index.php?rest_route=\/wp\/v2\/media\/18317"}],"wp:attachment":[{"href":"https:\/\/zonaroja.com.mx\/index.php?rest_route=%2Fwp%2Fv2%2Fmedia&parent=27456"}],"wp:term":[{"taxonomy":"category","embeddable":true,"href":"https:\/\/zonaroja.com.mx\/index.php?rest_route=%2Fwp%2Fv2%2Fcategories&post=27456"},{"taxonomy":"post_tag","embeddable":true,"href":"https:\/\/zonaroja.com.mx\/index.php?rest_route=%2Fwp%2Fv2%2Ftags&post=27456"}],"curies":[{"name":"wp","href":"https:\/\/api.w.org\/{rel}","templated":true}]}}