{"id":27461,"date":"2021-05-20T08:17:08","date_gmt":"2021-05-20T13:17:08","guid":{"rendered":"http:\/\/www.zonaroja.com.mx\/?p=27461"},"modified":"2021-05-20T08:17:11","modified_gmt":"2021-05-20T13:17:11","slug":"auguran-triunfo-de-villacana-recibe-todo-el-respaldo-de-comerciantes-del-mercado-de-abasto","status":"publish","type":"post","link":"https:\/\/zonaroja.com.mx\/?p=27461","title":{"rendered":"Auguran triunfo de Villaca\u00f1a; recibe todo el respaldo de comerciantes del Mercado de Abasto"},"content":{"rendered":"\n<p>Redacci\u00f3n\/Zona Roja.<\/p>\n\n\n\n<p>Oaxaca de Ju\u00e1rez, Oax., a 20 de mayo de 2021.- El candidato a la presidencia municipal de Oaxaca de Ju\u00e1rez&nbsp; de la coalici\u00f3n PRI, PAN y PRD,&nbsp; Javier Villaca\u00f1a Jim\u00e9nez confirm\u00f3 el respaldo, cari\u00f1o y coraz\u00f3n con el que el Mercado de Abasto -el m\u00e1s grande de la entidad- dar\u00e1 la batalla para consolidar el triunfo del 6 de junio.<\/p>\n\n\n\n<p>Ante cientos de comerciantes que llenaron de energ\u00eda y \u00e1nimo la Avenida Central,&nbsp; Villaca\u00f1a Jim\u00e9nez asever\u00f3 que la victoria es una realidad que se construye con el apoyo de todos los sectores y habitantes de la capital, a quienes ha escuchado, visitado y palpado el pulso de sus inquietudes.<\/p>\n\n\n\n<p>\u00abHoy sembramos un compromiso que dar\u00e1 frutos el 1 de enero. Es momento de trabajar juntos, rescatar al Mercado de Abasto del olvido y marginaci\u00f3n. Van a estar mejor, vamos a resolver sus problemas\u00bb, sentenci\u00f3 ante palabras de cari\u00f1o y aplausos de mercaderes&nbsp; convencidos que no quieren m\u00e1s presidentes que lastimen y abandonen a la ciudad.<\/p>\n\n\n\n<p>Acompa\u00f1ado de candidatos y candidatas a concejales y legisladores, as\u00ed como liderazgos del mercado; Villaca\u00f1a Jim\u00e9nez se comprometi\u00f3 a reducir o en su caso eliminar cobros de derechos a locatarias, locatarios y comerciantes, para que solo paguen lo justo a partir del primero de enero.<\/p>\n\n\n\n<p>Reconocemos \u2013dijo- que el mercado de abasto tiene como problem\u00e1tica mayor la inseguridad y la aglomeraci\u00f3n de veh\u00edculos, por ello, tenemos planeado impulsar en este espacio un nuevo esquema que con ayuda de todas y todos ustedes, nos permita recuperar su valor y grandeza.&nbsp;<\/p>\n\n\n\n<p>\u00abSe trata se hacer justicia y darle a nuestra gente lo que ha demandado por a\u00f1os. Van a tener un presidente aliado y amigo; les agradezco su apoyo de coraz\u00f3n a coraz\u00f3n. Ustedes nos dan fuerza para seguir trabajando con energ\u00eda y pasi\u00f3n\u00bb, concluy\u00f3.<\/p>\n\n\n\n<p>En ese sentido, a casi un a\u00f1o del incendio que provoc\u00f3 la afectaci\u00f3n de 150 casetas de este espacio y la p\u00e9rdida del patrimonio de muchas familias, Javier Villaca\u00f1a se comprometi\u00f3 a seguir apoyando a estos comercios que a\u00fan permanecen en el abandono municipal y que merecen respuestas a sus necesidades.<\/p>\n\n\n\n<figure class=\"wp-block-embed-twitter wp-block-embed is-type-rich is-provider-twitter\"><div class=\"wp-block-embed__wrapper\">\n<div class=\"twitter-tweet\"><blockquote class=\"twitter-tweet\" data-lang=\"es\"><p lang=\"es\" dir=\"ltr\">Somos tierra de gente alegre y trabajadora que se esfuerza todos los d\u00edas para salir adelante; hoy, en el Mercado de Abasto de la capital oaxaque\u00f1a, reiteramos el compromiso de construir juntos la ciudad pr\u00f3spera que necesitamos. \u00a1Gracias por todo su apoyo! <a href=\"https:\/\/twitter.com\/hashtag\/VaPorOaxacaDeJu%C3%A1rez?src=hash&amp;ref_src=twsrc%5Etfw\">#VaPorOaxacaDeJu\u00e1rez<\/a> <a href=\"https:\/\/t.co\/89bkAdwurh\">pic.twitter.com\/89bkAdwurh<\/a><\/p>&mdash; Javier Villaca\u00f1a (@JavierVillacana) <a href=\"https:\/\/twitter.com\/JavierVillacana\/status\/1395064398188789770?ref_src=twsrc%5Etfw\">19 de mayo de 2021<\/a><\/blockquote><\/div>\n<\/div><\/figure>\n\n\n\n<p>Durante su visita a este espacio tradicional, Javier Villaca\u00f1a recorri\u00f3 zonas como el tianguis y galera, la zona seca, zona modular, bodegas, zona de loza, corral\u00f3n, el mercado L\u00e1zaro C\u00e1rdenas y la zona de madera, lugares donde recibi\u00f3 el respaldo y reconocimiento por la labor desarrollada en su trienio como edil capitalino.<\/p>\n\n\n\n<p>RESPALDO DE CROC<\/p>\n\n\n\n<p>Por otra parte, la estructura de la Confederaci\u00f3n Revolucionaria de Obreros y Campesinos (CROC) ofreci\u00f3 su total apoyo y respaldo al candidato de \u201cVa por Oaxaca\u00bb, Javier Villaca\u00f1a Jim\u00e9nez para que el pr\u00f3ximo 6 de junio se convierta en el pr\u00f3ximo presidente municipal de Oaxaca de Ju\u00e1rez.<\/p>\n\n\n\n<p>En un encuentro fraternal en las instalaciones del Partido Revolucionario Institucional (PRI), Villaca\u00f1a Jim\u00e9nez agradeci\u00f3 la labor que las y los agremiados a la CROC est\u00e1n realizando en unidad, para promover el voto y consumar el proyecto que regresar\u00e1 la seguridad, equilibrio y el embellecimiento a la capital.<\/p>\n\n\n\n<p>Ante el Secretario General de la Confederaci\u00f3n, Ulises Bravo Cruz; Javier Villaca\u00f1a reiter\u00f3 su compromiso con las mujeres oaxaque\u00f1as, confirmando que regresar\u00e1 los programas sociales y pondr\u00e1 en operaci\u00f3n la Cl\u00ednica de la Mujer, adem\u00e1s de acciones de empoderamiento. \u00abNo duden que vamos a cumplir nuestra palabra\u00bb, dijo.<\/p>\n","protected":false},"excerpt":{"rendered":"<p>Redacci\u00f3n\/Zona Roja. Oaxaca de Ju\u00e1rez, Oax., a 20 de mayo de 2021.- El candidato a&hellip;<\/p>\n","protected":false},"author":2,"featured_media":27462,"comment_status":"closed","ping_status":"open","sticky":false,"template":"","format":"standard","meta":{"_lmt_disableupdate":"","_lmt_disable":"","_jetpack_memberships_contains_paid_content":false,"footnotes":""},"categories":[109,46],"tags":[2456],"class_list":["post-27461","post","type-post","status-publish","format-standard","has-post-thumbnail","hentry","category-minuto-a-minuto","category-zona-blanca","tag-javier-villacana-jimenez"],"jetpack_featured_media_url":"https:\/\/zonaroja.com.mx\/wp-content\/uploads\/2021\/05\/Javier-Villacana-mercado.jpg","jetpack_sharing_enabled":true,"_links":{"self":[{"href":"https:\/\/zonaroja.com.mx\/index.php?rest_route=\/wp\/v2\/posts\/27461","targetHints":{"allow":["GET"]}}],"collection":[{"href":"https:\/\/zonaroja.com.mx\/index.php?rest_route=\/wp\/v2\/posts"}],"about":[{"href":"https:\/\/zonaroja.com.mx\/index.php?rest_route=\/wp\/v2\/types\/post"}],"author":[{"embeddable":true,"href":"https:\/\/zonaroja.com.mx\/index.php?rest_route=\/wp\/v2\/users\/2"}],"replies":[{"embeddable":true,"href":"https:\/\/zonaroja.com.mx\/index.php?rest_route=%2Fwp%2Fv2%2Fcomments&post=27461"}],"version-history":[{"count":1,"href":"https:\/\/zonaroja.com.mx\/index.php?rest_route=\/wp\/v2\/posts\/27461\/revisions"}],"predecessor-version":[{"id":27463,"href":"https:\/\/zonaroja.com.mx\/index.php?rest_route=\/wp\/v2\/posts\/27461\/revisions\/27463"}],"wp:featuredmedia":[{"embeddable":true,"href":"https:\/\/zonaroja.com.mx\/index.php?rest_route=\/wp\/v2\/media\/27462"}],"wp:attachment":[{"href":"https:\/\/zonaroja.com.mx\/index.php?rest_route=%2Fwp%2Fv2%2Fmedia&parent=27461"}],"wp:term":[{"taxonomy":"category","embeddable":true,"href":"https:\/\/zonaroja.com.mx\/index.php?rest_route=%2Fwp%2Fv2%2Fcategories&post=27461"},{"taxonomy":"post_tag","embeddable":true,"href":"https:\/\/zonaroja.com.mx\/index.php?rest_route=%2Fwp%2Fv2%2Ftags&post=27461"}],"curies":[{"name":"wp","href":"https:\/\/api.w.org\/{rel}","templated":true}]}}