{"id":27464,"date":"2021-05-20T08:24:09","date_gmt":"2021-05-20T13:24:09","guid":{"rendered":"http:\/\/www.zonaroja.com.mx\/?p=27464"},"modified":"2021-05-20T08:24:12","modified_gmt":"2021-05-20T13:24:12","slug":"empresarios-respaldan-la-candidatura-de-tono-hernandez-fraguas-y-mariana-nassar","status":"publish","type":"post","link":"https:\/\/zonaroja.com.mx\/?p=27464","title":{"rendered":"Empresarios respaldan la candidatura de To\u00f1o Hern\u00e1ndez Fraguas y Mariana Nassar"},"content":{"rendered":"\n<p>Redacci\u00f3n\/Zona Roja.<\/p>\n\n\n\n<p>Oaxaca de Ju\u00e1rez, Oax., 20 de mayo de 2021.- Las y los empresarios oaxaque\u00f1os manifestaron hoy, su total apoyo y respaldo a la candidatura a diputados federales por el distrito VIII, de Jos\u00e9 Antonio Hern\u00e1ndez Fraguas y Mariana Nassar Pi\u00f1eyro.<\/p>\n\n\n\n<p>En un encuentro ante m\u00e1s de 100 empresarios y microempresarios del sector de la construcci\u00f3n, alimentos y bebidas, transporte, inmobiliario, masa y tortilla, seguros, espect\u00e1culos, as\u00ed como eventos sociales, los candidatos se comprometieron a defender un presupuesto que promueva la reconciliaci\u00f3n econ\u00f3mica del pa\u00eds, y principalmente de nuestro estado.<\/p>\n\n\n\n<p>Las y los empresarios condenaron la indiferencia del Gobierno Federal que encabeza Andr\u00e9s Manuel L\u00f3pez Obrador, por no atender a este sector con programas eficientes para minimizar las p\u00e9rdidas durante la pandemia que atraviesa M\u00e9xico y el mundo entero, la cual ha generado desempleo y la ca\u00edda de la econom\u00eda del pa\u00eds.<\/p>\n\n\n\n<p>En este marco, el presidente de la Canadevi, Jos\u00e9 Guadalupe Cruz Urbieta reconoci\u00f3 la campa\u00f1a de compromisos y de pr\u00f3ximos resultados que realizan To\u00f1o y Mariana, \u201cNo dudamos que ustedes ser\u00e1n nuestros diputados federales, por ello desde hoy invito a cada miembro del sector empresarial a generar propuestas concretas para que junto con nuestros amigos ayudemos a la econom\u00eda de nuestro M\u00e9xico y de nuestro estado\u201d.<\/p>\n\n\n\n<p>En tanto, la representante de Grupo ADO, Adriana Serrano Roa, manifest\u00f3 su preocupaci\u00f3n ante el panorama desfavorable que atraviesa el sector turismo desde que Morena est\u00e1 en el gobierno; M\u00e9xico ya no es de los pa\u00edses m\u00e1s visitados en el mundo, no hay apoyo a las pymes tur\u00edsticas, desaparecieron el programa de pueblos m\u00e1gicos y su \u00fanico proyecto de atracci\u00f3n es la construcci\u00f3n del Tren Maya.<\/p>\n\n\n\n<p>Finalmente el abanderado del PRI, PAN y PRD, To\u00f1o Hern\u00e1ndez Fraguas agradeci\u00f3 el apoyo del sector empresarial, a quienes reiter\u00f3 que \u00e9l y Mariana Nassar ser\u00e1n sus aliados en el Congreso Federal, pelear\u00e1n un presupuesto justo que garantice la reactivaci\u00f3n econ\u00f3mica.<\/p>\n","protected":false},"excerpt":{"rendered":"<p>Redacci\u00f3n\/Zona Roja. Oaxaca de Ju\u00e1rez, Oax., 20 de mayo de 2021.- Las y los empresarios&hellip;<\/p>\n","protected":false},"author":2,"featured_media":27465,"comment_status":"closed","ping_status":"open","sticky":false,"template":"","format":"standard","meta":{"_lmt_disableupdate":"","_lmt_disable":"","_jetpack_memberships_contains_paid_content":false,"footnotes":""},"categories":[109,46],"tags":[2592],"class_list":["post-27464","post","type-post","status-publish","format-standard","has-post-thumbnail","hentry","category-minuto-a-minuto","category-zona-blanca","tag-jose-antonio-hernandez-fraguas"],"jetpack_featured_media_url":"https:\/\/zonaroja.com.mx\/wp-content\/uploads\/2021\/05\/Jose-Antonio-Hernandez-Fraguas-6.jpg","jetpack_sharing_enabled":true,"_links":{"self":[{"href":"https:\/\/zonaroja.com.mx\/index.php?rest_route=\/wp\/v2\/posts\/27464","targetHints":{"allow":["GET"]}}],"collection":[{"href":"https:\/\/zonaroja.com.mx\/index.php?rest_route=\/wp\/v2\/posts"}],"about":[{"href":"https:\/\/zonaroja.com.mx\/index.php?rest_route=\/wp\/v2\/types\/post"}],"author":[{"embeddable":true,"href":"https:\/\/zonaroja.com.mx\/index.php?rest_route=\/wp\/v2\/users\/2"}],"replies":[{"embeddable":true,"href":"https:\/\/zonaroja.com.mx\/index.php?rest_route=%2Fwp%2Fv2%2Fcomments&post=27464"}],"version-history":[{"count":1,"href":"https:\/\/zonaroja.com.mx\/index.php?rest_route=\/wp\/v2\/posts\/27464\/revisions"}],"predecessor-version":[{"id":27466,"href":"https:\/\/zonaroja.com.mx\/index.php?rest_route=\/wp\/v2\/posts\/27464\/revisions\/27466"}],"wp:featuredmedia":[{"embeddable":true,"href":"https:\/\/zonaroja.com.mx\/index.php?rest_route=\/wp\/v2\/media\/27465"}],"wp:attachment":[{"href":"https:\/\/zonaroja.com.mx\/index.php?rest_route=%2Fwp%2Fv2%2Fmedia&parent=27464"}],"wp:term":[{"taxonomy":"category","embeddable":true,"href":"https:\/\/zonaroja.com.mx\/index.php?rest_route=%2Fwp%2Fv2%2Fcategories&post=27464"},{"taxonomy":"post_tag","embeddable":true,"href":"https:\/\/zonaroja.com.mx\/index.php?rest_route=%2Fwp%2Fv2%2Ftags&post=27464"}],"curies":[{"name":"wp","href":"https:\/\/api.w.org\/{rel}","templated":true}]}}