{"id":27469,"date":"2021-05-20T08:31:46","date_gmt":"2021-05-20T13:31:46","guid":{"rendered":"http:\/\/www.zonaroja.com.mx\/?p=27469"},"modified":"2021-05-20T08:31:48","modified_gmt":"2021-05-20T13:31:48","slug":"asuncion-ocotlan-brinda-todo-su-respaldo-a-horacio-sosa","status":"publish","type":"post","link":"https:\/\/zonaroja.com.mx\/?p=27469","title":{"rendered":"Asunci\u00f3n Ocotl\u00e1n brinda todo su respaldo a Horacio Sosa"},"content":{"rendered":"\n<p>Redacci\u00f3n\/Zona Roja.<\/p>\n\n\n\n<p>Oaxaca de Ju\u00e1rez, Oax., 20 de mayo de 2021. Horacio Sosa Villavicencio, candidato a la diputaci\u00f3n local por el Distrito XVI, con cabecera en Zimatl\u00e1n de \u00c1lvarez, Oaxaca, agradeci\u00f3 el apoyo de las m\u00e1s de 400 familias, del municipio de Asunci\u00f3n Ocotl\u00e1n y la agencia de Praxedis de Guerrero, que respaldan su proyecto de trabajo.<\/p>\n\n\n\n<p>Lo anterior durante las dos reuniones que sostuvo con habitantes de cada una de las localidades en menci\u00f3n. En las que, las y los ciudadanos expresaron al candidato morenista, su confianza, con base en los resultados de trabajo que ha dado al pueblo oaxaque\u00f1o.<\/p>\n\n\n\n<p>Adem\u00e1s, le se\u00f1alaron la importancia de contar con gobiernos municipales transparentes, un Poder Legislativo que trabaje acorde a las necesidades de las mujeres y hombres oaxaque\u00f1os, y un Gobierno Federal cercano a la gente.<\/p>\n\n\n\n<p>Al respecto Sosa Villavicencio, reiter\u00f3 su compromiso de trabajar en beneficio de avanzar y consolidar la Cuarta Transformaci\u00f3n que tanto se necesita para el desarrollo de Oaxaca.<\/p>\n\n\n\n<p>\u201cMi obligaci\u00f3n es con la gente, por el desarrollo de los pueblos y comunidades del distrito XVI, generar acciones a favor del medio ambiente, el cuidado del agua, el desarrollo de las agencias municipales y en general mejores condiciones de vida para las presentes y futuras generaciones \u201cexpres\u00f3 Sosa Villavicencio.<\/p>\n\n\n\n<p>Hizo un llamado a las y los habitantes del municipio de Asunci\u00f3n Ocotl\u00e1n y Praxedis de Guerrero, a que este 6 de junio acudan a las urnas y voten por Morena, porque \u2013dijo- es en unidad, la \u00fanica forma en la que se podr\u00e1 evitar que gobiernos corruptos y ma\u00f1osos lleguen al poder a saquear al pueblo.<\/p>\n\n\n\n<p>En la reuni\u00f3n participaron tambi\u00e9n la candidata de Morena a la presidencia municipal de Asunci\u00f3n Ocotl\u00e1n, Sof\u00eda Aguilar, y Azael Santiago Chepi, candidato a la diputaci\u00f3n local por el Distrito 04, con cabecera en Tlacolula de Matamoros.<\/p>\n","protected":false},"excerpt":{"rendered":"<p>Redacci\u00f3n\/Zona Roja. Oaxaca de Ju\u00e1rez, Oax., 20 de mayo de 2021. Horacio Sosa Villavicencio, candidato&hellip;<\/p>\n","protected":false},"author":2,"featured_media":27470,"comment_status":"closed","ping_status":"open","sticky":false,"template":"","format":"standard","meta":{"_lmt_disableupdate":"","_lmt_disable":"","_jetpack_memberships_contains_paid_content":false,"footnotes":""},"categories":[109,46],"tags":[444],"class_list":["post-27469","post","type-post","status-publish","format-standard","has-post-thumbnail","hentry","category-minuto-a-minuto","category-zona-blanca","tag-horacio-sosa-villavicencio"],"jetpack_featured_media_url":"https:\/\/zonaroja.com.mx\/wp-content\/uploads\/2021\/05\/AsuncionOcotlan-respalda-a-Horacio-Sosa.jpeg","jetpack_sharing_enabled":true,"_links":{"self":[{"href":"https:\/\/zonaroja.com.mx\/index.php?rest_route=\/wp\/v2\/posts\/27469","targetHints":{"allow":["GET"]}}],"collection":[{"href":"https:\/\/zonaroja.com.mx\/index.php?rest_route=\/wp\/v2\/posts"}],"about":[{"href":"https:\/\/zonaroja.com.mx\/index.php?rest_route=\/wp\/v2\/types\/post"}],"author":[{"embeddable":true,"href":"https:\/\/zonaroja.com.mx\/index.php?rest_route=\/wp\/v2\/users\/2"}],"replies":[{"embeddable":true,"href":"https:\/\/zonaroja.com.mx\/index.php?rest_route=%2Fwp%2Fv2%2Fcomments&post=27469"}],"version-history":[{"count":1,"href":"https:\/\/zonaroja.com.mx\/index.php?rest_route=\/wp\/v2\/posts\/27469\/revisions"}],"predecessor-version":[{"id":27471,"href":"https:\/\/zonaroja.com.mx\/index.php?rest_route=\/wp\/v2\/posts\/27469\/revisions\/27471"}],"wp:featuredmedia":[{"embeddable":true,"href":"https:\/\/zonaroja.com.mx\/index.php?rest_route=\/wp\/v2\/media\/27470"}],"wp:attachment":[{"href":"https:\/\/zonaroja.com.mx\/index.php?rest_route=%2Fwp%2Fv2%2Fmedia&parent=27469"}],"wp:term":[{"taxonomy":"category","embeddable":true,"href":"https:\/\/zonaroja.com.mx\/index.php?rest_route=%2Fwp%2Fv2%2Fcategories&post=27469"},{"taxonomy":"post_tag","embeddable":true,"href":"https:\/\/zonaroja.com.mx\/index.php?rest_route=%2Fwp%2Fv2%2Ftags&post=27469"}],"curies":[{"name":"wp","href":"https:\/\/api.w.org\/{rel}","templated":true}]}}