{"id":27484,"date":"2021-05-20T21:48:42","date_gmt":"2021-05-21T02:48:42","guid":{"rendered":"http:\/\/www.zonaroja.com.mx\/?p=27484"},"modified":"2021-05-20T21:48:45","modified_gmt":"2021-05-21T02:48:45","slug":"diputada-pide-a-fgeo-investigaciones-y-justicia-para-crimenes-contra-personas-lgbtiq","status":"publish","type":"post","link":"https:\/\/zonaroja.com.mx\/?p=27484","title":{"rendered":"Diputada pide a FGEO investigaciones y justicia para cr\u00edmenes contra personas LGBTIQ+"},"content":{"rendered":"\n<p>Yuridiana Sosa\/Zona Roja.<\/p>\n\n\n\n<p>Oaxaca de Ju\u00e1rez, Oax., 20 de mayo de 2021.- Para una justicia sin discriminaci\u00f3n, la diputada Magaly L\u00f3pez Dom\u00ednguez, del partido Morena, propuso un exhorto para que la Fiscal\u00eda General del Estado de Oaxaca realiza investigaciones imparciales por las agresiones y asesinatos contra las personas LGBTIQ+.<\/p>\n\n\n\n<p>En sesi\u00f3n de la Diputaci\u00f3n Permanente de la 64 Legislatura de Oaxaca, de este mi\u00e9rcoles, la legisladora present\u00f3 su propuesta para que la Fiscal\u00eda, que encabeza Arturo Peimbert Calvo, realice investigaciones de manera pronta, expedita, completa e imparcial sobre las agresiones basadas en la discriminaci\u00f3n por orientaci\u00f3n sexual, identidad de g\u00e9nero o caracter\u00edsticas sexuales, sufridas por personas LGBTIQ+.<\/p>\n\n\n\n<p>Pues los cr\u00edmenes de este tipo son cada vez m\u00e1s frecuentes y han quedado impunes, dijo, al recordar que en diciembre de 2020 fue hallado el cuerpo sin vida de Geovanna Angulo Ramos, mujer transg\u00e9nero de 27 a\u00f1os de edad que anteriormente fue reportada como desaparecida San Agust\u00edn, Etla.<\/p>\n\n\n\n<p>Adem\u00e1s, en fechas similares fue asesinada Sherlyn, tambi\u00e9n mujer trans, en el barrio del Ex Marquesado en la capital del estado, mientras que desde febrero de 2019 sigue impune el asesinato de \u00d3scar Cazorla, en el Istmo de Tehuantepec, activista contra la homofobia y la discriminaci\u00f3n.<\/p>\n\n\n\n<p>Magaly L\u00f3pez puntualiz\u00f3 que el fin de semana pasado tambi\u00e9n fueron atacadas a golpes dos mujeres trans mientras esperaban un taxi en la ciudad de Oaxaca cuando, sin motivo alguno, un grupo de hombres descendi\u00f3 de un autom\u00f3vil, las golpe\u00f3 y huy\u00f3.<\/p>\n\n\n\n<figure class=\"wp-block-embed-twitter wp-block-embed is-type-rich is-provider-twitter\"><div class=\"wp-block-embed__wrapper\">\n<div class=\"twitter-tweet\"><blockquote class=\"twitter-tweet\" data-lang=\"es\"><p lang=\"es\" dir=\"ltr\">En la sesi\u00f3n de la Diputaci\u00f3n Permanente del <a href=\"https:\/\/twitter.com\/CongresoOaxLXIV?ref_src=twsrc%5Etfw\">@CongresoOaxLXIV<\/a> ayer, la legisladora por Morena, <a href=\"https:\/\/twitter.com\/Magaly_LopezOax?ref_src=twsrc%5Etfw\">@Magaly_LopezOax<\/a>, exigi\u00f3 que la Fiscal\u00eda indague los casos de personas asesinadas por su preferencia sexual; adem\u00e1s, a las autoridades, acabar con la discriminaci\u00f3n hacia este sector. <a href=\"https:\/\/t.co\/YOcS0vexZw\">pic.twitter.com\/YOcS0vexZw<\/a><\/p>&mdash; Zona Roja Oaxaca (@Zona_Roja_Oax) <a href=\"https:\/\/twitter.com\/Zona_Roja_Oax\/status\/1395543556782100482?ref_src=twsrc%5Etfw\">21 de mayo de 2021<\/a><\/blockquote><\/div>\n<\/div><\/figure>\n\n\n\n<p>Con la propuesta, se tiene el objetivo que se lleve ante la justicia a los autores materiales e intelectuales de las agresiones, con el fin de combatir la impunidad en cualquier acto de discriminaci\u00f3n.<\/p>\n\n\n\n<p>La legisladora se\u00f1al\u00f3 que de acuerdo con la asociaci\u00f3n civil Letra S- Sida, Cultura y Vida Cotidiana, en 2020 al menos 79 personas LGBTQ+ fueron asesinadas en M\u00e9xico.<\/p>\n\n\n\n<p>El informe m\u00e1s reciente indic\u00f3 que en el transcurso de los \u00faltimos cinco a\u00f1os, se han registrado unas 459 muertes violentas de personas de la comunidad LGBTQ+, aunque las cifras de 2020 muestran una reducci\u00f3n del 32% respecto a 2019, cuando se registraron 117.<\/p>\n\n\n\n<p>Sin embargo, la cifra puede ser mayor debido a que en el reporte de datos oficiales sobre la delincuencia y violencia, no se visibiliza las agresiones a ciudadanos LGBTQ+ , por lo que no se diferencian a las v\u00edctimas seg\u00fan caracter\u00edsticas como la orientaci\u00f3n sexual e identidad de g\u00e9nero.<\/p>\n\n\n\n<p>La propuesta se present\u00f3 en el marco del D\u00eda Internacional contra la Homofobia, la Transfobia y la Bifobia celebrado el pasado 17 de mayo.<\/p>\n","protected":false},"excerpt":{"rendered":"<p>Yuridiana Sosa\/Zona Roja. Oaxaca de Ju\u00e1rez, Oax., 20 de mayo de 2021.- Para una justicia&hellip;<\/p>\n","protected":false},"author":2,"featured_media":14743,"comment_status":"closed","ping_status":"open","sticky":false,"template":"","format":"standard","meta":{"_lmt_disableupdate":"","_lmt_disable":"","_jetpack_memberships_contains_paid_content":false,"footnotes":""},"categories":[109,46],"tags":[192],"class_list":["post-27484","post","type-post","status-publish","format-standard","has-post-thumbnail","hentry","category-minuto-a-minuto","category-zona-blanca","tag-diputada-magaly-lopez-dominguez"],"jetpack_featured_media_url":"https:\/\/zonaroja.com.mx\/wp-content\/uploads\/2020\/07\/FOTO-1.1-Diputada-Local-Magaly-L\u00f3pez-Dom\u00ednguez.jpg","jetpack_sharing_enabled":true,"_links":{"self":[{"href":"https:\/\/zonaroja.com.mx\/index.php?rest_route=\/wp\/v2\/posts\/27484","targetHints":{"allow":["GET"]}}],"collection":[{"href":"https:\/\/zonaroja.com.mx\/index.php?rest_route=\/wp\/v2\/posts"}],"about":[{"href":"https:\/\/zonaroja.com.mx\/index.php?rest_route=\/wp\/v2\/types\/post"}],"author":[{"embeddable":true,"href":"https:\/\/zonaroja.com.mx\/index.php?rest_route=\/wp\/v2\/users\/2"}],"replies":[{"embeddable":true,"href":"https:\/\/zonaroja.com.mx\/index.php?rest_route=%2Fwp%2Fv2%2Fcomments&post=27484"}],"version-history":[{"count":1,"href":"https:\/\/zonaroja.com.mx\/index.php?rest_route=\/wp\/v2\/posts\/27484\/revisions"}],"predecessor-version":[{"id":27485,"href":"https:\/\/zonaroja.com.mx\/index.php?rest_route=\/wp\/v2\/posts\/27484\/revisions\/27485"}],"wp:featuredmedia":[{"embeddable":true,"href":"https:\/\/zonaroja.com.mx\/index.php?rest_route=\/wp\/v2\/media\/14743"}],"wp:attachment":[{"href":"https:\/\/zonaroja.com.mx\/index.php?rest_route=%2Fwp%2Fv2%2Fmedia&parent=27484"}],"wp:term":[{"taxonomy":"category","embeddable":true,"href":"https:\/\/zonaroja.com.mx\/index.php?rest_route=%2Fwp%2Fv2%2Fcategories&post=27484"},{"taxonomy":"post_tag","embeddable":true,"href":"https:\/\/zonaroja.com.mx\/index.php?rest_route=%2Fwp%2Fv2%2Ftags&post=27484"}],"curies":[{"name":"wp","href":"https:\/\/api.w.org\/{rel}","templated":true}]}}