{"id":27486,"date":"2021-05-20T22:08:13","date_gmt":"2021-05-21T03:08:13","guid":{"rendered":"http:\/\/www.zonaroja.com.mx\/?p=27486"},"modified":"2021-05-20T22:08:16","modified_gmt":"2021-05-21T03:08:16","slug":"lider-nacional-de-fuerza-por-mexico-pedro-haces-brinda-todo-su-respaldo-a-jesus-ruiz","status":"publish","type":"post","link":"https:\/\/zonaroja.com.mx\/?p=27486","title":{"rendered":"L\u00edder nacional de Fuerza por M\u00e9xico, Pedro Haces, brinda todo su respaldo a Jes\u00fas Ruiz"},"content":{"rendered":"\n<p>Redacci\u00f3n\/Zona Roja.<\/p>\n\n\n\n<p>Oaxaca de Ju\u00e1rez, Oax., a 20 de mayo de 2021.-&nbsp; El l\u00edder moral a nivel nacional de Fuerza por M\u00e9xico, el Senador de la Rep\u00fablica Pedro Haces Barba, brind\u00f3 su total respaldo a Jes\u00fas Ruiz Olmedo en su b\u00fasqueda de la presidencia municipal de Oaxaca de Ju\u00e1rez.<\/p>\n\n\n\n<p>Ya que, indic\u00f3, es un hombre con valores, capacidad y amor por su ciudad&nbsp; e invit\u00f3 a las fuerza pol\u00edticas de izquierda a sumarse a su esfuerzo para la real transformaci\u00f3n de la Verde Antequera.<\/p>\n\n\n\n<p>El tambi\u00e9n dirigente nacional&nbsp; de&nbsp; la Confederaci\u00f3n Aut\u00f3noma de Trabajadores y Empleados de M\u00e9xico (CATEM), indic\u00f3 que todo Oaxaca se pintar\u00e1 de rosa este 6 de junio e hizo un llamado a sus afiliados a votar en favor de los candidatos de Fuerza por M\u00e9xico, un partido pol\u00edtico que le est\u00e1 dando la oportunidad a ciudadanos y gente que siempre ha trabajado en beneficio de la sociedad, como es el caso de Jes\u00fas Ruiz.<\/p>\n\n\n\n<p>Haces Barba agreg\u00f3 que Fuerza por M\u00e9xico es el partido de las mujeres, por eso las 10 candidaturas a diputaciones federales son encabezadas por el g\u00e9nero femenino, de igual forma se\u00f1al\u00f3 que es el partido de la inclusi\u00f3n social, ya que todos los sectores que nunca hab\u00edan sido visibilizados aqu\u00ed tienen un lugar, una expresi\u00f3n pol\u00edtica.<\/p>\n\n\n\n<figure class=\"wp-block-embed-twitter wp-block-embed is-type-rich is-provider-twitter\"><div class=\"wp-block-embed__wrapper\">\n<div class=\"twitter-tweet\"><blockquote class=\"twitter-tweet\" data-lang=\"es\"><p lang=\"es\" dir=\"ltr\">Buenos d\u00edas amigas y amigos!!!!<br>Seguimos trabajando, poniendo manos a la obra para aterrizar todas y cada una de las peticiones que hemos escuchado. Soluciones reales a corto plazo para lograr cambios sustanciales a largo plazo. Vamos bien!!Gracias por tu confianza!<br>\u00a1Si se puede! <a href=\"https:\/\/t.co\/dEtZC9tfGb\">pic.twitter.com\/dEtZC9tfGb<\/a><\/p>&mdash; Jes\u00fas Ruiz Olmedo (@ruizolmedojesus) <a href=\"https:\/\/twitter.com\/ruizolmedojesus\/status\/1395013702026473477?ref_src=twsrc%5Etfw\">19 de mayo de 2021<\/a><\/blockquote><\/div>\n<\/div><\/figure>\n\n\n\n<p>Tambi\u00e9n reconoci\u00f3 a las juventudes oaxaque\u00f1as, de quienes mencion\u00f3 representan el presente de M\u00e9xico, mujeres y hombres bien preparados, con ideales y capacidad de hacer las cosas, son las y los j\u00f3venes que hoy est\u00e1n en la revoluci\u00f3n industrial 4.0.<\/p>\n\n\n\n<p>Ante cientos de agremiados de la considerada nueva central obrera af\u00edn a la \u00abCuarta Transformaci\u00f3n\u00bb Pedro Haces les dijo que no se debe dejar pasar esta oportunidad hist\u00f3rica que en el 2021 est\u00e1n viviendo por eso los invito a votar por Fuerza por M\u00e9xico, \u201ccuantos quisieron ser candidatos en otros tiempos y a nadie se le dio la oportunidad, solo los enga\u00f1aron, pero en Fuerza por M\u00e9xico si son tomados en cuenta.\u201d<\/p>\n\n\n\n<p>Enfatiz\u00f3 que ya basta de aquellos pol\u00edticos corruptos de siempre que solo cambian de puesto cada tres a\u00f1os; es necesario, mencion\u00f3,&nbsp; cambiar las reglas pol\u00edticas en el pa\u00eds y darle oportunidad a todas y cada uno de los mexicanos, sobre todo si tienen voluntad pol\u00edtica y capacidad como Jes\u00fas Ruiz.<\/p>\n\n\n\n<p>Por su parte, el candidato a la presidencia municipal de Oaxaca de Ju\u00e1rez de Fuerza por M\u00e9xico, Jes\u00fas Ruiz Olmedo, afirm\u00f3 sentirse muy contento por el respaldo y apoyo del senador Pedro Haces y de todos los agremiados de la Confederaci\u00f3n Aut\u00f3noma de Trabajadores y Empleados de M\u00e9xico (CATEM) quienes este 6 de junio votaran por Fuerza por M\u00e9xico.<\/p>\n","protected":false},"excerpt":{"rendered":"<p>Redacci\u00f3n\/Zona Roja. Oaxaca de Ju\u00e1rez, Oax., a 20 de mayo de 2021.-&nbsp; El l\u00edder moral&hellip;<\/p>\n","protected":false},"author":2,"featured_media":27487,"comment_status":"closed","ping_status":"open","sticky":false,"template":"","format":"standard","meta":{"_lmt_disableupdate":"","_lmt_disable":"","_jetpack_memberships_contains_paid_content":false,"footnotes":""},"categories":[109,46],"tags":[2654],"class_list":["post-27486","post","type-post","status-publish","format-standard","has-post-thumbnail","hentry","category-minuto-a-minuto","category-zona-blanca","tag-jesus-ruiz-olmedo"],"jetpack_featured_media_url":"https:\/\/zonaroja.com.mx\/wp-content\/uploads\/2021\/05\/Jesus-Ruiz-y-Pedro-Haces.jpg","jetpack_sharing_enabled":true,"_links":{"self":[{"href":"https:\/\/zonaroja.com.mx\/index.php?rest_route=\/wp\/v2\/posts\/27486","targetHints":{"allow":["GET"]}}],"collection":[{"href":"https:\/\/zonaroja.com.mx\/index.php?rest_route=\/wp\/v2\/posts"}],"about":[{"href":"https:\/\/zonaroja.com.mx\/index.php?rest_route=\/wp\/v2\/types\/post"}],"author":[{"embeddable":true,"href":"https:\/\/zonaroja.com.mx\/index.php?rest_route=\/wp\/v2\/users\/2"}],"replies":[{"embeddable":true,"href":"https:\/\/zonaroja.com.mx\/index.php?rest_route=%2Fwp%2Fv2%2Fcomments&post=27486"}],"version-history":[{"count":1,"href":"https:\/\/zonaroja.com.mx\/index.php?rest_route=\/wp\/v2\/posts\/27486\/revisions"}],"predecessor-version":[{"id":27488,"href":"https:\/\/zonaroja.com.mx\/index.php?rest_route=\/wp\/v2\/posts\/27486\/revisions\/27488"}],"wp:featuredmedia":[{"embeddable":true,"href":"https:\/\/zonaroja.com.mx\/index.php?rest_route=\/wp\/v2\/media\/27487"}],"wp:attachment":[{"href":"https:\/\/zonaroja.com.mx\/index.php?rest_route=%2Fwp%2Fv2%2Fmedia&parent=27486"}],"wp:term":[{"taxonomy":"category","embeddable":true,"href":"https:\/\/zonaroja.com.mx\/index.php?rest_route=%2Fwp%2Fv2%2Fcategories&post=27486"},{"taxonomy":"post_tag","embeddable":true,"href":"https:\/\/zonaroja.com.mx\/index.php?rest_route=%2Fwp%2Fv2%2Ftags&post=27486"}],"curies":[{"name":"wp","href":"https:\/\/api.w.org\/{rel}","templated":true}]}}