{"id":27493,"date":"2021-05-21T07:35:36","date_gmt":"2021-05-21T12:35:36","guid":{"rendered":"http:\/\/www.zonaroja.com.mx\/?p=27493"},"modified":"2021-05-21T07:35:57","modified_gmt":"2021-05-21T12:35:57","slug":"luego-de-242-muertos-por-misiles-israel-y-palestina-acuerdan-tregua","status":"publish","type":"post","link":"https:\/\/zonaroja.com.mx\/?p=27493","title":{"rendered":"Luego de 242 muertos por misiles, Israel y Palestina acuerdan tregua"},"content":{"rendered":"\n<p>Redacci\u00f3n\/Zona Roja Cdmx.<\/p>\n\n\n\n<p>Ciudad de M\u00e9xico, 21 de mayo de 2021.- Luego de once d\u00edas de intensos ataques a\u00e9reos, Israel y Palestina acordaron una tregua.<\/p>\n\n\n\n<p>Sin embargo, ese lapso de guerra dej\u00f3 al menos 230 palestinos muertos durante los combates, incluyendo 65 ni\u00f1os y 39 mujeres, y alrededor de mil 710 personas resultaron heridas, seg\u00fan el ministerio de Salud de Gaza, que no desglosa el n\u00famero de v\u00edctimas entre combatientes y civiles.<\/p>\n\n\n\n<p>En Israel se registraron 12 decesos, incluido el de un ni\u00f1o de cinco a\u00f1os de edad y el de una joven 16.<\/p>\n\n\n\n<p>Israel y Hamas comenzaron un cese del fuego a las 02:00 horas de este vienes, hora local, que pone fin a una guerra que durante 11 d\u00edas provoc\u00f3 decenas de muertes, extensos da\u00f1os en la Franja de Gaza y paraliz\u00f3 las actividades en buena parte de Israel.<\/p>\n\n\n\n<p>La oficina del Primer Ministro israel\u00ed Benjamin Netanyahu dijo que acept\u00f3 la propuesta presentada por Egipto luego de una reuni\u00f3n nocturna con su gabinete de seguridad. Hamas no tard\u00f3 en hacer lo propio y asegur\u00f3 que cumplir\u00e1 con el acuerdo.<\/p>\n\n\n\n<p>En un comunicado, la oficina de Netanyahu dijo que el gabinete de seguridad acept\u00f3 la propuesta de manera un\u00e1nime despu\u00e9s de las recomendaciones del jefe del Estado Mayor Conjunto y altos funcionarios de defensa. El comunicado se jact\u00f3 de \u00ablos grandes \u00e9xitos\u00bb de la operaci\u00f3n, algunos de los cuales fueron \u00absin precedentes\u00bb e incluy\u00f3 una sutil amenaza a Hamas.<\/p>\n\n\n\n<p>\u00abLos l\u00edderes pol\u00edticos enfatizaron que la realidad en el campo determinar\u00e1 la continuaci\u00f3n de las operaciones\u00bb, se\u00f1ala el comunicado.<\/p>\n\n\n\n<p>Taher Nounou, funcionario de Hamas, confirm\u00f3 el pacto. \u00abLa resistencia palestina se comprometer\u00e1 con este acuerdo, siempre que la ocupaci\u00f3n se comprometa\u00bb, asegur\u00f3.<\/p>\n\n\n\n<p>El acuerdo pondr\u00eda fin a los combates m\u00e1s intensos entre ambas partes desde que protagonizaron una guerra de 50 d\u00edas en 2014, y nuevamente terminar\u00edan sin un claro ganador. Israel le infligi\u00f3 graves da\u00f1os a Hamas, pero fue incapaz de evitar los ataques con cohetes que han perturbado la vida de millones de israel\u00edes durante m\u00e1s de una d\u00e9cada.<\/p>\n\n\n\n<p>Los enfrentamientos comenzaron el 10 de mayo, cuando combatientes de Hamas en Gaza dispararon cohetes de largo alcance hacia Jerusal\u00e9n despu\u00e9s de varios d\u00edas de choques entre manifestantes palestinos y polic\u00edas israel\u00edes en el complejo de la mezquita de Al-Aqsa, un importante templo conocido por los musulmanes como el Noble Santuario y como el Monte del Templo por los jud\u00edos.<\/p>\n\n\n\n<p>Las tensiones aumentaron debido a las estrictas pr\u00e1cticas policiales en el lugar y las amenazas de desalojo de decenas de familias palestinas por parte de colonos jud\u00edos.<\/p>\n\n\n\n<p>Israel lanz\u00f3 cientos de ataques a\u00e9reos durante su operaci\u00f3n en Gaza, atacando lo que, asegur\u00f3, se trataba de infraestructura militar de Hamas, incluyendo una red de t\u00faneles subterr\u00e1neos. Hamas y otros grupos extremistas dispararon desde zonas residenciales m\u00e1s de 4 mil cohetes hacia ciudades de Israel, de los cuales cientos no llegaron a su destino y la mayor\u00eda del resto fueron interceptados por las bater\u00edas antia\u00e9reas israel\u00edes.<\/p>\n\n\n\n<p>(Informaci\u00f3n de agencias internacionales)<\/p>\n","protected":false},"excerpt":{"rendered":"<p>Redacci\u00f3n\/Zona Roja Cdmx. Ciudad de M\u00e9xico, 21 de mayo de 2021.- Luego de once d\u00edas&hellip;<\/p>\n","protected":false},"author":2,"featured_media":27494,"comment_status":"closed","ping_status":"open","sticky":false,"template":"","format":"standard","meta":{"_lmt_disableupdate":"","_lmt_disable":"","_jetpack_memberships_contains_paid_content":false,"footnotes":""},"categories":[109,47],"tags":[2677],"class_list":["post-27493","post","type-post","status-publish","format-standard","has-post-thumbnail","hentry","category-minuto-a-minuto","category-zona-gris","tag-guerra-israel-y-palestina"],"jetpack_featured_media_url":"https:\/\/zonaroja.com.mx\/wp-content\/uploads\/2021\/05\/Israel-Palestina.jpg","jetpack_sharing_enabled":true,"_links":{"self":[{"href":"https:\/\/zonaroja.com.mx\/index.php?rest_route=\/wp\/v2\/posts\/27493","targetHints":{"allow":["GET"]}}],"collection":[{"href":"https:\/\/zonaroja.com.mx\/index.php?rest_route=\/wp\/v2\/posts"}],"about":[{"href":"https:\/\/zonaroja.com.mx\/index.php?rest_route=\/wp\/v2\/types\/post"}],"author":[{"embeddable":true,"href":"https:\/\/zonaroja.com.mx\/index.php?rest_route=\/wp\/v2\/users\/2"}],"replies":[{"embeddable":true,"href":"https:\/\/zonaroja.com.mx\/index.php?rest_route=%2Fwp%2Fv2%2Fcomments&post=27493"}],"version-history":[{"count":2,"href":"https:\/\/zonaroja.com.mx\/index.php?rest_route=\/wp\/v2\/posts\/27493\/revisions"}],"predecessor-version":[{"id":27496,"href":"https:\/\/zonaroja.com.mx\/index.php?rest_route=\/wp\/v2\/posts\/27493\/revisions\/27496"}],"wp:featuredmedia":[{"embeddable":true,"href":"https:\/\/zonaroja.com.mx\/index.php?rest_route=\/wp\/v2\/media\/27494"}],"wp:attachment":[{"href":"https:\/\/zonaroja.com.mx\/index.php?rest_route=%2Fwp%2Fv2%2Fmedia&parent=27493"}],"wp:term":[{"taxonomy":"category","embeddable":true,"href":"https:\/\/zonaroja.com.mx\/index.php?rest_route=%2Fwp%2Fv2%2Fcategories&post=27493"},{"taxonomy":"post_tag","embeddable":true,"href":"https:\/\/zonaroja.com.mx\/index.php?rest_route=%2Fwp%2Fv2%2Ftags&post=27493"}],"curies":[{"name":"wp","href":"https:\/\/api.w.org\/{rel}","templated":true}]}}