{"id":27500,"date":"2021-05-21T07:58:14","date_gmt":"2021-05-21T12:58:14","guid":{"rendered":"http:\/\/www.zonaroja.com.mx\/?p=27500"},"modified":"2021-05-21T07:58:17","modified_gmt":"2021-05-21T12:58:17","slug":"firma-villacana-compromisos-a-favor-de-adultos-mayores-y-comercio-establecido","status":"publish","type":"post","link":"https:\/\/zonaroja.com.mx\/?p=27500","title":{"rendered":"Firma Villaca\u00f1a compromisos a favor de adultos mayores y comercio establecido"},"content":{"rendered":"\n<p>Redacci\u00f3n\/Zona Roja.<\/p>\n\n\n\n<p>Oaxaca de Ju\u00e1rez, Oax., 21 de mayo del 2021.- El candidato a la presidencia municipal por el PRI, PAN y PRD, Javier Villaca\u00f1a Jim\u00e9nez, hizo patente su compromiso de ofrecer condiciones de vida digna para las personas adultas mayores, a trav\u00e9s de mecanismos que garanticen sus derechos y desarrollo en plenitud.<\/p>\n\n\n\n<p>Ante representantes de los medios de comunicaci\u00f3n, Villaca\u00f1a Jim\u00e9nez reconoci\u00f3 la aportaci\u00f3n de este sector de la sociedad a la consolidaci\u00f3n de una ciudad pr\u00f3spera, al fomento de valores y a la vida productiva, por lo que sign\u00f3 el compromiso de darles beneficios reales como otorgar descuentos justos en sus obligaciones fiscales municipales.<\/p>\n\n\n\n<p>As\u00ed tambi\u00e9n, para brindar espacios adecuados para su desenvolvimiento, se fortalecer\u00e1 la Casa de D\u00eda Municipal, convirti\u00e9ndose en un espacio recreativo y de esparcimiento encaminado a retardar el deterioro f\u00edsico, mental y espiritual.<\/p>\n\n\n\n<p>\u201cQueremos que las y los adultos mayores sientan el respaldo de sus autoridades, que sepan que reconocemos su aportaci\u00f3n a la vida social y econ\u00f3mica de la ciudad, que los valoramos y tienen mi compromiso de que podr\u00e1n vivir con plenitud\u201d, asegur\u00f3.<\/p>\n\n\n\n<figure class=\"wp-block-embed-twitter wp-block-embed is-type-rich is-provider-twitter\"><div class=\"wp-block-embed__wrapper\">\n<div class=\"twitter-tweet\"><blockquote class=\"twitter-tweet\" data-lang=\"es\"><p lang=\"es\" dir=\"ltr\">Estimado <a href=\"https:\/\/twitter.com\/ManceraMiguelMX?ref_src=twsrc%5Etfw\">@ManceraMiguelMX<\/a>, agradezco mucho el respaldo que brindas a nuestro proyecto para recuperar la grandeza de nuestra ciudad. Estoy convencido que la uni\u00f3n hace la fuerza, y hoy M\u00e9xico y nuestro municipio nos necesitan juntos para corregir el rumbo. <a href=\"https:\/\/twitter.com\/hashtag\/VaPorOaxacaDeJu%C3%A1rez?src=hash&amp;ref_src=twsrc%5Etfw\">#VaPorOaxacaDeJu\u00e1rez<\/a> <a href=\"https:\/\/t.co\/zswvByyf9x\">pic.twitter.com\/zswvByyf9x<\/a><\/p>&mdash; Javier Villaca\u00f1a (@JavierVillacana) <a href=\"https:\/\/twitter.com\/JavierVillacana\/status\/1395554961862402053?ref_src=twsrc%5Etfw\">21 de mayo de 2021<\/a><\/blockquote><\/div>\n<\/div><\/figure>\n\n\n\n<p>IMPULSO AL COMERCIO<\/p>\n\n\n\n<p>En este marco, Javier Villaca\u00f1a hizo hincapi\u00e9 en la importancia de apoyar al comercio establecido y la actividad empresarial en la capital, por lo que plante\u00f3 como un compromiso de su gobierno fortalecer el sistema de apertura r\u00e1pida de negocios.<\/p>\n\n\n\n<p>Para ello \u2013explic\u00f3- se reducir\u00e1n a lo verdaderamente necesario los requisitos, eliminando aquellos que est\u00e9n de m\u00e1s e incluso dando valor a la palabra en los casos en que se necesite m\u00e1s tiempo para cumplir con alg\u00fan requisito, autorizando el funcionamiento inmediato.<\/p>\n\n\n\n<p>Asimismo, plante\u00f3 ante medios de comunicaci\u00f3n, que el Ayuntamiento dar\u00e1 prioridad a las empresas locales para la compra de insumos y servicios, coadyuvando a la econom\u00eda de la ciudad y la generaci\u00f3n de empleos.<\/p>\n","protected":false},"excerpt":{"rendered":"<p>Redacci\u00f3n\/Zona Roja. Oaxaca de Ju\u00e1rez, Oax., 21 de mayo del 2021.- El candidato a la&hellip;<\/p>\n","protected":false},"author":2,"featured_media":27501,"comment_status":"closed","ping_status":"open","sticky":false,"template":"","format":"standard","meta":{"_lmt_disableupdate":"","_lmt_disable":"","_jetpack_memberships_contains_paid_content":false,"footnotes":""},"categories":[109,46],"tags":[2456],"class_list":["post-27500","post","type-post","status-publish","format-standard","has-post-thumbnail","hentry","category-minuto-a-minuto","category-zona-blanca","tag-javier-villacana-jimenez"],"jetpack_featured_media_url":"https:\/\/zonaroja.com.mx\/wp-content\/uploads\/2021\/05\/Javier-Villacana-Jimenez.jpg","jetpack_sharing_enabled":true,"_links":{"self":[{"href":"https:\/\/zonaroja.com.mx\/index.php?rest_route=\/wp\/v2\/posts\/27500","targetHints":{"allow":["GET"]}}],"collection":[{"href":"https:\/\/zonaroja.com.mx\/index.php?rest_route=\/wp\/v2\/posts"}],"about":[{"href":"https:\/\/zonaroja.com.mx\/index.php?rest_route=\/wp\/v2\/types\/post"}],"author":[{"embeddable":true,"href":"https:\/\/zonaroja.com.mx\/index.php?rest_route=\/wp\/v2\/users\/2"}],"replies":[{"embeddable":true,"href":"https:\/\/zonaroja.com.mx\/index.php?rest_route=%2Fwp%2Fv2%2Fcomments&post=27500"}],"version-history":[{"count":1,"href":"https:\/\/zonaroja.com.mx\/index.php?rest_route=\/wp\/v2\/posts\/27500\/revisions"}],"predecessor-version":[{"id":27502,"href":"https:\/\/zonaroja.com.mx\/index.php?rest_route=\/wp\/v2\/posts\/27500\/revisions\/27502"}],"wp:featuredmedia":[{"embeddable":true,"href":"https:\/\/zonaroja.com.mx\/index.php?rest_route=\/wp\/v2\/media\/27501"}],"wp:attachment":[{"href":"https:\/\/zonaroja.com.mx\/index.php?rest_route=%2Fwp%2Fv2%2Fmedia&parent=27500"}],"wp:term":[{"taxonomy":"category","embeddable":true,"href":"https:\/\/zonaroja.com.mx\/index.php?rest_route=%2Fwp%2Fv2%2Fcategories&post=27500"},{"taxonomy":"post_tag","embeddable":true,"href":"https:\/\/zonaroja.com.mx\/index.php?rest_route=%2Fwp%2Fv2%2Ftags&post=27500"}],"curies":[{"name":"wp","href":"https:\/\/api.w.org\/{rel}","templated":true}]}}