{"id":27506,"date":"2021-05-21T08:40:59","date_gmt":"2021-05-21T13:40:59","guid":{"rendered":"http:\/\/www.zonaroja.com.mx\/?p=27506"},"modified":"2021-05-21T08:41:02","modified_gmt":"2021-05-21T13:41:02","slug":"registra-defensoria-11-expedientes-de-agresiones-contra-periodistas-este-ano","status":"publish","type":"post","link":"https:\/\/zonaroja.com.mx\/?p=27506","title":{"rendered":"Registra Defensor\u00eda 11 expedientes de agresiones contra periodistas, este a\u00f1o"},"content":{"rendered":"\n<p>Redacci\u00f3n\/Zona Roja.<\/p>\n\n\n\n<p>Oaxaca de Ju\u00e1rez, Oax., 21 de mayo de 2021.- Con el ataque a dos comunicadores ayer por parte de estudiantes normalistas, suman 11 los expedientes de agresiones contra periodistas tan s\u00f3lo este a\u00f1o, de acuerdo con la Defensor\u00eda de los Derechos Humanos del Pueblo de Oaxaca (DDHPO).<\/p>\n\n\n\n<p>En un comunicado, inform\u00f3 que de 2015 a 2021 ha iniciado 284 expedientes de queja relacionados con agresiones contra trabajadores de medios de informaci\u00f3n, siendo los derechos m\u00e1s violentados, el derecho a la libertad de expresi\u00f3n, prensa y opini\u00f3n, el derecho a la legalidad, igualdad ante la ley y no discriminaci\u00f3n, as\u00ed como a la seguridad jur\u00eddica.<\/p>\n\n\n\n<p>Adem\u00e1s, las autoridades m\u00e1s se\u00f1aladas son los ayuntamientos, las polic\u00edas municipales y la Fiscal\u00eda General del Estado.<\/p>\n\n\n\n<p>Con respecto a los hechos de ayer por parte de normalistas, la DDHPO conden\u00f3 las agresiones cometidas contra periodistas que cubr\u00edan una marcha de estudiantes normalistas, as\u00ed como los da\u00f1os ocasionados a comercios y ciudadan\u00eda en general en la capital oaxaque\u00f1a, en lo que fue una jornada que dej\u00f3 p\u00e9rdidas materiales, econ\u00f3micas, pero, sobre todo, un sentimiento de indefensi\u00f3n social.<\/p>\n\n\n\n<figure class=\"wp-block-embed-twitter wp-block-embed is-type-rich is-provider-twitter\"><div class=\"wp-block-embed__wrapper\">\n<div class=\"twitter-tweet\"><blockquote class=\"twitter-tweet\" data-lang=\"es\"><p lang=\"es\" dir=\"ltr\"><a href=\"https:\/\/twitter.com\/hashtag\/%C3%9AltimoMinuto?src=hash&amp;ref_src=twsrc%5Etfw\">#\u00daltimoMinuto<\/a> <br>Al menos dos <a href=\"https:\/\/twitter.com\/hashtag\/periodistas?src=hash&amp;ref_src=twsrc%5Etfw\">#periodistas<\/a> de <a href=\"https:\/\/twitter.com\/hashtag\/Oaxaca?src=hash&amp;ref_src=twsrc%5Etfw\">#Oaxaca<\/a> fueron agredidos por normalistas durante su marcha y vandalismo. <br>Este es el testimonio de <a href=\"https:\/\/twitter.com\/rojasayuzo?ref_src=twsrc%5Etfw\">@rojasayuzo<\/a>, de <a href=\"https:\/\/twitter.com\/informativo570?ref_src=twsrc%5Etfw\">@informativo570<\/a>.<br>El otro caso es el de Pedro Jos\u00e9 Luis Jer\u00f3nimo, de <a href=\"https:\/\/twitter.com\/Quadratinoaxaca?ref_src=twsrc%5Etfw\">@Quadratinoaxaca<\/a>.<a href=\"https:\/\/twitter.com\/julioastillero?ref_src=twsrc%5Etfw\">@julioastillero<\/a> <a href=\"https:\/\/twitter.com\/AristeguiOnline?ref_src=twsrc%5Etfw\">@AristeguiOnline<\/a> <a href=\"https:\/\/t.co\/ZmugJwRoaY\">pic.twitter.com\/ZmugJwRoaY<\/a><\/p>&mdash; Zona Roja Oaxaca (@Zona_Roja_Oax) <a href=\"https:\/\/twitter.com\/Zona_Roja_Oax\/status\/1395440240089731073?ref_src=twsrc%5Etfw\">20 de mayo de 2021<\/a><\/blockquote><\/div>\n<\/div><\/figure>\n\n\n\n<p>Se\u00f1al\u00f3 que garantizar la libertad de manifestaci\u00f3n es un requisito fundamental para la construcci\u00f3n de sociedades democr\u00e1ticas, sin embargo, este derecho tiene que desarrollarse de manera pac\u00edfica y respetar los derechos de terceros, para que no pierda su legitimidad.<\/p>\n\n\n\n<p>La DDHPO expuso que la violencia en contra de comunicadores, comercios y personas, adem\u00e1s de vulnerar distintos derechos, polariza a la sociedad y la divide, aunado a que rompe uno de los elementos fundantes de toda sociedad humana: la de no extinguir un derecho en la exigencia de otro.<\/p>\n\n\n\n<p>La instituci\u00f3n aut\u00f3noma agreg\u00f3 que las agresiones contra las y los comunicadores da\u00f1an a toda la sociedad que se informa a trav\u00e9s de ellos, por lo que estos hechos representan un perjuicio colectivo.<\/p>\n\n\n\n<p>Reiter\u00f3 que cualquier agravio en contra del gremio period\u00edstico es injustificable, pues el periodismo es concebido como la manifestaci\u00f3n primaria y principal de la libertad de expresi\u00f3n del pensamiento.<\/p>\n\n\n\n<p>Por ello, es fundamental que el Estado garantice el acceso a la justicia en los casos de agresiones a las y los comunicadores, ya que de lo contrario se manda un mensaje de permisividad e impunidad de estas acciones.\u00a0<\/p>\n\n\n\n<figure class=\"wp-block-embed-twitter wp-block-embed is-type-rich is-provider-twitter\"><div class=\"wp-block-embed__wrapper\">\n<div class=\"twitter-tweet\"><blockquote class=\"twitter-tweet\" data-lang=\"es\"><p lang=\"es\" dir=\"ltr\"><a href=\"https:\/\/twitter.com\/hashtag\/OaxacaGris?src=hash&amp;ref_src=twsrc%5Etfw\">#OaxacaGris<\/a><br>Nulas garant\u00edas para el ejercicio period\u00edstico en <a href=\"https:\/\/twitter.com\/hashtag\/Oaxaca?src=hash&amp;ref_src=twsrc%5Etfw\">#Oaxaca<\/a>. <br>As\u00ed fue la agresi\u00f3n de <a href=\"https:\/\/twitter.com\/hashtag\/normalistas?src=hash&amp;ref_src=twsrc%5Etfw\">#normalistas<\/a> hoy al <a href=\"https:\/\/twitter.com\/hashtag\/reportero?src=hash&amp;ref_src=twsrc%5Etfw\">#reportero<\/a> Pedro Jos\u00e9 Luis, de <a href=\"https:\/\/twitter.com\/Quadratinoaxaca?ref_src=twsrc%5Etfw\">@Quadratinoaxaca<\/a>.<br>Asimismo, al reportero <a href=\"https:\/\/twitter.com\/rojasayuzo?ref_src=twsrc%5Etfw\">@rojasayuzo<\/a> de <a href=\"https:\/\/twitter.com\/informativo570?ref_src=twsrc%5Etfw\">@informativo570<\/a>. <br>Videos: Cortes\u00eda. <a href=\"https:\/\/twitter.com\/CNDH?ref_src=twsrc%5Etfw\">@CNDH<\/a> <a href=\"https:\/\/twitter.com\/DDHPO?ref_src=twsrc%5Etfw\">@DDHPO<\/a> <a href=\"https:\/\/twitter.com\/SEGOB_mx?ref_src=twsrc%5Etfw\">@SEGOB_mx<\/a> <a href=\"https:\/\/twitter.com\/article19mex?ref_src=twsrc%5Etfw\">@article19mex<\/a> <a href=\"https:\/\/t.co\/t5zNJhmqwW\">pic.twitter.com\/t5zNJhmqwW<\/a><\/p>&mdash; Zona Roja Oaxaca (@Zona_Roja_Oax) <a href=\"https:\/\/twitter.com\/Zona_Roja_Oax\/status\/1395499548236263426?ref_src=twsrc%5Etfw\">20 de mayo de 2021<\/a><\/blockquote><\/div>\n<\/div><\/figure>\n","protected":false},"excerpt":{"rendered":"<p>Redacci\u00f3n\/Zona Roja. Oaxaca de Ju\u00e1rez, Oax., 21 de mayo de 2021.- Con el ataque a&hellip;<\/p>\n","protected":false},"author":2,"featured_media":6707,"comment_status":"closed","ping_status":"open","sticky":false,"template":"","format":"standard","meta":{"_lmt_disableupdate":"","_lmt_disable":"","_jetpack_memberships_contains_paid_content":false,"footnotes":""},"categories":[109,47],"tags":[641],"class_list":["post-27506","post","type-post","status-publish","format-standard","has-post-thumbnail","hentry","category-minuto-a-minuto","category-zona-gris","tag-agresiones-a-periodistas-oaxaca"],"jetpack_featured_media_url":"https:\/\/zonaroja.com.mx\/wp-content\/uploads\/2019\/12\/Violencia-periodistas.jpg","jetpack_sharing_enabled":true,"_links":{"self":[{"href":"https:\/\/zonaroja.com.mx\/index.php?rest_route=\/wp\/v2\/posts\/27506","targetHints":{"allow":["GET"]}}],"collection":[{"href":"https:\/\/zonaroja.com.mx\/index.php?rest_route=\/wp\/v2\/posts"}],"about":[{"href":"https:\/\/zonaroja.com.mx\/index.php?rest_route=\/wp\/v2\/types\/post"}],"author":[{"embeddable":true,"href":"https:\/\/zonaroja.com.mx\/index.php?rest_route=\/wp\/v2\/users\/2"}],"replies":[{"embeddable":true,"href":"https:\/\/zonaroja.com.mx\/index.php?rest_route=%2Fwp%2Fv2%2Fcomments&post=27506"}],"version-history":[{"count":1,"href":"https:\/\/zonaroja.com.mx\/index.php?rest_route=\/wp\/v2\/posts\/27506\/revisions"}],"predecessor-version":[{"id":27507,"href":"https:\/\/zonaroja.com.mx\/index.php?rest_route=\/wp\/v2\/posts\/27506\/revisions\/27507"}],"wp:featuredmedia":[{"embeddable":true,"href":"https:\/\/zonaroja.com.mx\/index.php?rest_route=\/wp\/v2\/media\/6707"}],"wp:attachment":[{"href":"https:\/\/zonaroja.com.mx\/index.php?rest_route=%2Fwp%2Fv2%2Fmedia&parent=27506"}],"wp:term":[{"taxonomy":"category","embeddable":true,"href":"https:\/\/zonaroja.com.mx\/index.php?rest_route=%2Fwp%2Fv2%2Fcategories&post=27506"},{"taxonomy":"post_tag","embeddable":true,"href":"https:\/\/zonaroja.com.mx\/index.php?rest_route=%2Fwp%2Fv2%2Ftags&post=27506"}],"curies":[{"name":"wp","href":"https:\/\/api.w.org\/{rel}","templated":true}]}}