{"id":27511,"date":"2021-05-21T12:08:20","date_gmt":"2021-05-21T17:08:20","guid":{"rendered":"https:\/\/www.zonaroja.com.mx\/?p=27511"},"modified":"2021-05-21T12:15:37","modified_gmt":"2021-05-21T17:15:37","slug":"hierve-el-agua-en-riesgo-de-secarse-de-manera-definitiva-sigue-cerrado","status":"publish","type":"post","link":"https:\/\/zonaroja.com.mx\/?p=27511","title":{"rendered":"Hierve el Agua, en riesgo de secarse de manera definitiva; sigue cerrado"},"content":{"rendered":"\n<p>Evlin Arag\u00f3n\/Zona Roja. <\/p>\n\n\n\n<p>Oaxaca de Ju\u00e1rez, Oax., 21 de mayo de 2021.- \u201cHoy se est\u00e1 perdiendo Hierve el Agua, el riesgo es extremadamente alto de que se seque esta cuenca\u201d, aseguraron&nbsp;<a href=\"\/\/1\">este&nbsp;<\/a>viernes pobladores de&nbsp;San Lorenzo Albarradas, quienes dieron a conocer que los yacimientos de agua que se ubican en la zona de las cascadas p\u00e9treas est\u00e1n por secarse de manera definitiva.&nbsp;<\/p>\n\n\n\n<p>Por lo anterior, aseguraron que mantendr\u00e1n cerrado el destino tur\u00edstico, hasta que las autoridades estatales, encabezadas por Alejandro Murat Hinojosa, realicen acciones de reforestaci\u00f3n en la zona colindante, que devuelvan el cauce de la cuenca, que actualmente se ha perdido en 70 por ciento.&nbsp;<\/p>\n\n\n\n<p>\u201cHoy volvemos a hacer un llamado a la sociedad, que si quieren que Hierve el Agua vuelva a abrir tenemos que operar todos. Por eso les informamos que no podr\u00e1n acceder a este lugar hasta que no haya una reforestaci\u00f3n que permita la rehabilitaci\u00f3n de los mantos acu\u00edferos de esta cuenca\u201d, refirieron.&nbsp;<\/p>\n\n\n\n<p>De acuerdo con lo expuesto por los pobladores de Albarradas, en el tiempo que se ha tenido cerrado el acceso al emblem\u00e1tico lugar, se dieron a la tarea de realizar estudios hidrol\u00f3gicos e hidrogeol\u00f3gicos por medio de empresas privadas, quienes resolvieron que corre el riesgo de secarse completamente.<\/p>\n\n\n\n<p>Los informes refieren la necesidad urgente de implementar acciones inmediatas de reforestaci\u00f3n de la zona alta, la cual fue deforestada para construir un camino que comunica a las poblaciones de Xaaga y San Isidro Roagu\u00eda, afectando directamente la cuenca que abastece de agua a las cascadas p\u00e9treas.&nbsp;<\/p>\n\n\n\n<p>\u00c9der Salinas Cort\u00e9s, asesor jur\u00eddico de la poblaci\u00f3n, asegur\u00f3 que aunado a ello existe una sobreexplotaci\u00f3n de los mantos acu\u00edferos para el riego de agave de Roagu\u00eda, as\u00ed como la tala clandestina e indiscriminada, que encabezan grupos criminales en la regi\u00f3n.<\/p>\n\n\n\n<p>De ah\u00ed que han dado aviso a las autoridades correspondientes, incluida la Guardia Nacional, la Comisi\u00f3n Nacional del Agua y la Defensor\u00eda de los Derechos Humanos del Pueblo de Oaxaca.&nbsp;<\/p>\n\n\n\n<p>Al respecto Bulmaro Olivera Garc\u00eda, comisariado de San Lorenzo Albarradas inform\u00f3 que por cuenta propia realizar\u00e1n un programa de reforestaci\u00f3n, el cual estar\u00e1 encabezado por las mujeres de la poblaci\u00f3n, quienes con todo su empe\u00f1o rescataran los recursos naturales de la regi\u00f3n.&nbsp;<\/p>\n\n\n\n<p>Indic\u00f3 que han hecho de conocimiento a las autoridades locales sobre la gravedad del problema, incluso han buscado en reiteradas ocasiones al gobernador de Oaxaca, Alejandro Murat, quien no les ha querido dar audiencia, pese a la gravedad de la problem\u00e1tica.&nbsp;<\/p>\n\n\n\n<p>\u00abNo s\u00e9 qu\u00e9 est\u00e1 pasando con el Gobierno del Estado, el gobernador nunca nos ha querido dar audiencia, no nos toma en cuenta y se ha hecho de la vista gorda\u00bb, dijo.&nbsp;<\/p>\n\n\n\n<p>Mientras que las autoridades federales, pretenden utilizar la tragedia ambiental a su favor, toda vez que ofrecen beneficios del programa \u201cSembrando Vidas\u201d a cambio del voto en beneficio de Morena, por lo que presentar\u00e1n una denuncia ante la Fiscal\u00eda de Delitos Electorales&nbsp;<\/p>\n\n\n\n<p>\u201cHacemos un llamado al presidente de M\u00e9xico para que no meta cuestiones pol\u00edticas en un programa social. Hierve el Agua exige y urge una atenci\u00f3n inmediata respecto al medio ambiente\u201d, sentenciaron. <\/p>\n","protected":false},"excerpt":{"rendered":"<p>Evlin Arag\u00f3n\/Zona Roja. Oaxaca de Ju\u00e1rez, Oax., 21 de mayo de 2021.- \u201cHoy se est\u00e1&hellip;<\/p>\n","protected":false},"author":2,"featured_media":27510,"comment_status":"closed","ping_status":"open","sticky":false,"template":"","format":"standard","meta":{"_lmt_disableupdate":"","_lmt_disable":"","_jetpack_memberships_contains_paid_content":false,"footnotes":""},"categories":[109,47],"tags":[],"class_list":["post-27511","post","type-post","status-publish","format-standard","has-post-thumbnail","hentry","category-minuto-a-minuto","category-zona-gris"],"jetpack_featured_media_url":"https:\/\/zonaroja.com.mx\/wp-content\/uploads\/2021\/05\/37d2e036-b59d-4c69-a5f4-5d2ca92c1119.jpg","jetpack_sharing_enabled":true,"_links":{"self":[{"href":"https:\/\/zonaroja.com.mx\/index.php?rest_route=\/wp\/v2\/posts\/27511","targetHints":{"allow":["GET"]}}],"collection":[{"href":"https:\/\/zonaroja.com.mx\/index.php?rest_route=\/wp\/v2\/posts"}],"about":[{"href":"https:\/\/zonaroja.com.mx\/index.php?rest_route=\/wp\/v2\/types\/post"}],"author":[{"embeddable":true,"href":"https:\/\/zonaroja.com.mx\/index.php?rest_route=\/wp\/v2\/users\/2"}],"replies":[{"embeddable":true,"href":"https:\/\/zonaroja.com.mx\/index.php?rest_route=%2Fwp%2Fv2%2Fcomments&post=27511"}],"version-history":[{"count":1,"href":"https:\/\/zonaroja.com.mx\/index.php?rest_route=\/wp\/v2\/posts\/27511\/revisions"}],"predecessor-version":[{"id":27512,"href":"https:\/\/zonaroja.com.mx\/index.php?rest_route=\/wp\/v2\/posts\/27511\/revisions\/27512"}],"wp:featuredmedia":[{"embeddable":true,"href":"https:\/\/zonaroja.com.mx\/index.php?rest_route=\/wp\/v2\/media\/27510"}],"wp:attachment":[{"href":"https:\/\/zonaroja.com.mx\/index.php?rest_route=%2Fwp%2Fv2%2Fmedia&parent=27511"}],"wp:term":[{"taxonomy":"category","embeddable":true,"href":"https:\/\/zonaroja.com.mx\/index.php?rest_route=%2Fwp%2Fv2%2Fcategories&post=27511"},{"taxonomy":"post_tag","embeddable":true,"href":"https:\/\/zonaroja.com.mx\/index.php?rest_route=%2Fwp%2Fv2%2Ftags&post=27511"}],"curies":[{"name":"wp","href":"https:\/\/api.w.org\/{rel}","templated":true}]}}