{"id":27514,"date":"2021-05-21T12:20:31","date_gmt":"2021-05-21T17:20:31","guid":{"rendered":"https:\/\/www.zonaroja.com.mx\/?p=27514"},"modified":"2021-05-21T12:22:06","modified_gmt":"2021-05-21T17:22:06","slug":"policia-estatal-recupera-16-urbanos-retenidos-por-normalistas-de-oaxaca","status":"publish","type":"post","link":"https:\/\/zonaroja.com.mx\/?p=27514","title":{"rendered":"Polic\u00eda Estatal recupera 16 urbanos retenidos por normalistas de Oaxaca"},"content":{"rendered":"\n<p class=\"MsoNormal\">Yuridiana Sosa\/Zona Roja. <\/p>\n\n\n\n<p class=\"MsoNormal\">Oaxaca de Ju\u00e1rez, Oax., 21 de mayo de 2021.- En un operativo de la Polic\u00eda Estatal de la Secretar\u00eda de Seguridad P\u00fablica de Oaxaca, fueron recuperaron 16 unidades del transporte p\u00fablico urbano que ser\u00edan ocupados por estudiantes normalistas para sus manifestaciones en la capital.<\/p>\n\n\n\n<p class=\"MsoNormal\">Ella acci\u00f3n se realiz\u00f3 en la zona norte de la ciudad, en inmediaciones del Centro Regional de Educaci\u00f3n Normal de Oaxaca (CRENO), donde tambi\u00e9n hicieron presencia con patrullas y motopatrullas para disuadir posibles actos vand\u00e1licos.<\/p>\n\n\n\n<p class=\"MsoNormal\">El Comisionado de la Polic\u00eda Estatal, Ra\u00fal Castillejos Sol\u00eds se\u00f1al\u00f3 que la decisi\u00f3n del operativo se tom\u00f3 tras los hechos violentos registrados&nbsp;<a href=\"\/\/1\">este jueves<\/a>&nbsp;en la zona conurbada y centro de la capital por parte de los j\u00f3venes.<\/p>\n\n\n\n<p class=\"MsoNormal\">Apunt\u00f3 que sin impedir la libre manifestaci\u00f3n, el operativo es para restablecer el orden, por lo que se evitar\u00e1 actos como los de ayer, sin el uso de la fuerza excesiva de la fuerza p\u00fablica contra los manifestantes.<\/p>\n\n\n\n<p><div class=\"twitter-tweet\"><blockquote class=\"twitter-tweet\" data-lang=\"es\"><p lang=\"es\" dir=\"ltr\"><a href=\"https:\/\/twitter.com\/hashtag\/%C3%9AltimoMinuto?src=hash&amp;ref_src=twsrc%5Etfw\">#\u00daltimoMinuto<\/a> <br>As\u00ed recuperaron la ma\u00f1ana de hoy elementos de la <a href=\"https:\/\/twitter.com\/Policia_GobOax?ref_src=twsrc%5Etfw\">@Policia_GobOax<\/a> al menos 16 autobuses del transporte urbano de la ciudad de Oaxaca, que los normalistas ya ten\u00eda en su poder. <br>La <a href=\"https:\/\/twitter.com\/SSP_GobOax?ref_src=twsrc%5Etfw\">@SSP_GobOax<\/a> mantiene el operativo de vigilancia en la zona norte de la capital. <a href=\"https:\/\/t.co\/sqXWHvL30I\">pic.twitter.com\/sqXWHvL30I<\/a><\/p>&mdash; Zona Roja Oaxaca (@Zona_Roja_Oax) <a href=\"https:\/\/twitter.com\/Zona_Roja_Oax\/status\/1395774336691318789?ref_src=twsrc%5Etfw\">21 de mayo de 2021<\/a><\/blockquote><\/div><\/p>\n\n\n\n<p class=\"MsoNormal\">Como saldo preliminar de los actos violentos, dijo que se tiene el registro de dos personas lesionadas, una de ellas un elemento de la Polic\u00eda Auxiliar Bancaria, Industrial y Comercial (PABIC) y un ciudadano trabajador de un establecimiento, situaci\u00f3n que tambi\u00e9n fue tomada en cuenta para el operativo para proteger a la poblaci\u00f3n.<\/p>\n\n\n\n<p class=\"MsoNormal\">Por su parte, Marcos Fredy Hern\u00e1ndez, director de la Polic\u00eda Municipal de Oaxaca de Ju\u00e1rez, dijo que en el operativo participan 100 elementos municipales y 150 del orden estatal.<\/p>\n\n\n\n<p class=\"MsoNormal\">Refiri\u00f3 que los polic\u00edas no van armados y el operativo inici\u00f3 con la fase de contenci\u00f3n, pero seg\u00fan se desarrollen los actos se tiene distintas etapas para la actuaci\u00f3n de los elementos sin el uso excesivo de la fuerza p\u00fablica.<\/p>\n\n\n\n<p><div class=\"twitter-tweet\"><blockquote class=\"twitter-tweet\" data-lang=\"es\"><p lang=\"es\" dir=\"ltr\"><a href=\"https:\/\/twitter.com\/hashtag\/%C3%9AltimoMinuto?src=hash&amp;ref_src=twsrc%5Etfw\">#\u00daltimoMinuto<\/a> <br>El Comisionado de la <a href=\"https:\/\/twitter.com\/Policia_GobOax?ref_src=twsrc%5Etfw\">@Policia_GobOax<\/a>, Ra\u00fal Castillejos Sol\u00eds, confirma que la presencia policiaca al norte de la capital es para disuadir posibles actos vand\u00e1licos de normalistas. <br>La decisi\u00f3n se tom\u00f3 tras los hechos de ayer, dijo. <br>Video y entrevista: <a href=\"https:\/\/twitter.com\/rojasayuzo?ref_src=twsrc%5Etfw\">@rojasayuzo<\/a>. <a href=\"https:\/\/t.co\/H4iEn0R8xi\">pic.twitter.com\/H4iEn0R8xi<\/a><\/p>&mdash; Zona Roja Oaxaca (@Zona_Roja_Oax) <a href=\"https:\/\/twitter.com\/Zona_Roja_Oax\/status\/1395750354638327810?ref_src=twsrc%5Etfw\">21 de mayo de 2021<\/a><\/blockquote><\/div><\/p>\n\n\n\n<p class=\"MsoNormal\">PARTICIPARON ANTIMOTINES<\/p>\n\n\n\n<p class=\"MsoNormal\">En videos difundidos en redes sociales, grabados por ciudadanos, se muestra el momento del desalojo de los normalistas de un urbano por parte de elementos antimotines de la Polic\u00eda Estatal.<\/p>\n\n\n\n<p class=\"MsoNormal\">Las im\u00e1genes evidencian a un elemento propinando un par de patadas a dos estudiantes, entre un grupo de normalistas que fueron sentados y arrodillados en la banqueta, con las manos en la cabeza, como parte de la liberaci\u00f3n de la unidad A-115 de la empresa Transportes Choferes del Sur S.C.L.<\/p>\n\n\n\n<p class=\"MsoNormal\">\u201c\u00a1T\u00edrense al piso, t\u00edrense al piso!\u201d, ordenaban los elementos a los normalistas que a\u00fan se encontraban dentro de la unidad; despu\u00e9s, con las manos sobre la nuca fueron bajando los manifestantes.<\/p>\n","protected":false},"excerpt":{"rendered":"<p>Yuridiana Sosa\/Zona Roja. Oaxaca de Ju\u00e1rez, Oax., 21 de mayo de 2021.- En un operativo&hellip;<\/p>\n","protected":false},"author":2,"featured_media":27513,"comment_status":"closed","ping_status":"open","sticky":false,"template":"","format":"standard","meta":{"_lmt_disableupdate":"","_lmt_disable":"","_jetpack_memberships_contains_paid_content":false,"footnotes":""},"categories":[109,47],"tags":[],"class_list":["post-27514","post","type-post","status-publish","format-standard","has-post-thumbnail","hentry","category-minuto-a-minuto","category-zona-gris"],"jetpack_featured_media_url":"https:\/\/zonaroja.com.mx\/wp-content\/uploads\/2021\/05\/9814a94a-8674-437e-b28d-4251d92ffa39.jpg","jetpack_sharing_enabled":true,"_links":{"self":[{"href":"https:\/\/zonaroja.com.mx\/index.php?rest_route=\/wp\/v2\/posts\/27514","targetHints":{"allow":["GET"]}}],"collection":[{"href":"https:\/\/zonaroja.com.mx\/index.php?rest_route=\/wp\/v2\/posts"}],"about":[{"href":"https:\/\/zonaroja.com.mx\/index.php?rest_route=\/wp\/v2\/types\/post"}],"author":[{"embeddable":true,"href":"https:\/\/zonaroja.com.mx\/index.php?rest_route=\/wp\/v2\/users\/2"}],"replies":[{"embeddable":true,"href":"https:\/\/zonaroja.com.mx\/index.php?rest_route=%2Fwp%2Fv2%2Fcomments&post=27514"}],"version-history":[{"count":2,"href":"https:\/\/zonaroja.com.mx\/index.php?rest_route=\/wp\/v2\/posts\/27514\/revisions"}],"predecessor-version":[{"id":27516,"href":"https:\/\/zonaroja.com.mx\/index.php?rest_route=\/wp\/v2\/posts\/27514\/revisions\/27516"}],"wp:featuredmedia":[{"embeddable":true,"href":"https:\/\/zonaroja.com.mx\/index.php?rest_route=\/wp\/v2\/media\/27513"}],"wp:attachment":[{"href":"https:\/\/zonaroja.com.mx\/index.php?rest_route=%2Fwp%2Fv2%2Fmedia&parent=27514"}],"wp:term":[{"taxonomy":"category","embeddable":true,"href":"https:\/\/zonaroja.com.mx\/index.php?rest_route=%2Fwp%2Fv2%2Fcategories&post=27514"},{"taxonomy":"post_tag","embeddable":true,"href":"https:\/\/zonaroja.com.mx\/index.php?rest_route=%2Fwp%2Fv2%2Ftags&post=27514"}],"curies":[{"name":"wp","href":"https:\/\/api.w.org\/{rel}","templated":true}]}}