{"id":27517,"date":"2021-05-21T15:08:26","date_gmt":"2021-05-21T20:08:26","guid":{"rendered":"http:\/\/www.zonaroja.com.mx\/?p=27517"},"modified":"2021-05-21T15:08:29","modified_gmt":"2021-05-21T20:08:29","slug":"buscan-romper-estigmas-sobre-el-aborto-en-localidades-de-oaxaca","status":"publish","type":"post","link":"https:\/\/zonaroja.com.mx\/?p=27517","title":{"rendered":"Buscan romper estigmas sobre el aborto en localidades de Oaxaca"},"content":{"rendered":"\n<p>Evlin Arag\u00f3n\/Zona Roja.<\/p>\n\n\n\n<p>Oaxaca de Ju\u00e1rez, Oax., 21 de mayo de 2021.- A un a\u00f1o y ocho meses de la despenalizaci\u00f3n del aborto en Oaxaca, poco o nada ha cambiado, toda vez que la pr\u00e1ctica sigue siendo satanizada por una buena parte de la sociedad que juzga a las mujeres que recurren a ella.<\/p>\n\n\n\n<p>As\u00ed lo dio a conocer Viridiana Bautista, integrante de \u201cLas Consejeras\u201d, organizaci\u00f3n que junto con Cat\u00f3licas por el Derecho a Decidir (CDD) y el Centro Profesional Ind\u00edgena de Asesor\u00eda, Defensa y Traducci\u00f3n (Cepiadet), presentaron la campa\u00f1a \u201cOtra mirada cat\u00f3lica del aborto en Oaxaca\u201d, la cual pretende romper con los estigmas, la mala informaci\u00f3n y la idea de que el aborto conlleva penalizaci\u00f3n legal o religiosa.&nbsp;<\/p>\n\n\n\n<p>La activista indic\u00f3 que, aunque existe la despenalizaci\u00f3n del aborto en Oaxaca y se quisiera que se rompan las barreras estructurales que impiden a las mujeres decidir sobre sus cuerpos, esto no se ha logrado en su totalidad, m\u00e1s a\u00fan en zonas rurales en donde ni siquiera existe la difusi\u00f3n de las reformas a la ley que permiten la pr\u00e1ctica.<\/p>\n\n\n\n<p>\u201cLa despenalizaci\u00f3n est\u00e1 muy centralizada, en el centro urbano s\u00ed hay manera de acceder, con todo y las barreras sociales e institucionales que no hacen f\u00e1cil el procedimiento, situaci\u00f3n que se complica en las comunidades rurales\u201d, indic\u00f3.<\/p>\n\n\n\n<p>As\u00ed mismo, explic\u00f3 que siguen siendo las organizaciones sociales, las colectivas feministas y activistas las que acompa\u00f1an a las mujeres que deciden interrumpir su embarazo e incluso realizan la labor que compete al Estado a trav\u00e9s de los Servicios de Salud<\/p>\n\n\n\n<p>Por lo anterior dijo, se vuelven indispensables las campa\u00f1as de difusi\u00f3n que acompa\u00f1en la despenalizaci\u00f3n legal y social del aborto, esta \u00faltima que ponga de manifiesto que la Iglesia no condena la pr\u00e1ctica en algunas circunstancias, adem\u00e1s de recordar que no juzgar a las personas es un principio cat\u00f3lico.<\/p>\n\n\n\n<p>\u201cNinguna mujer aborta con alegr\u00eda en sus corazones y como personas cat\u00f3licas podemos apoyar a una mujer respetando su decisi\u00f3n de interrumpir un embarazo y acompa\u00f1arla durante este proceso, aunque no estemos de acuerdo con ella\u201d, sentenci\u00f3.&nbsp;<\/p>\n\n\n\n<p>De acuerdo con Paula S\u00e1nchez Mejorada, Co-Directora de CDD, \u201cOtra mirada cat\u00f3lica del aborto en Oaxaca\u201d busca difundir argumentos de la Iglesia para: contribuir a reafirmar la autoridad moral de las mujeres que deciden sobre su vida reproductiva; informar que en la tradici\u00f3n cat\u00f3lica hay diferentes posturas sobre el aborto y que no se condena en algunas circunstancias; as\u00ed como disminuir la culpa asociada a la decisi\u00f3n de la interrupci\u00f3n de un embarazo.<\/p>\n\n\n\n<p>Los mensajes de la campa\u00f1a se distribuir\u00e1n a trav\u00e9s de una p\u00e1gina web informativa, c\u00e1psulas radiof\u00f3nicas &#8211; traducidas al zapoteco del valles-, adem\u00e1s de carteles impresos, los cuales incluyen el llamado a la feligres\u00eda y a la jerarqu\u00eda de la Iglesia cat\u00f3lica a dejar de condenar a las mujeres que han decidido interrumpir un embarazo y a respetar su decisi\u00f3n.&nbsp;<\/p>\n\n\n\n<p>Algunas de las comunidades en las que ya se distribuyen los materiales impresos son: Santa Ana del Valle, Villa D\u00edaz Ordaz, Teotitl\u00e1n del Valle, San Pablo G\u00fcila y Tlacolula de Matamoros; mientras que la difusi\u00f3n de los spots se lleva a cabo a trav\u00e9s de Radio La Voz de la Sierra de Ju\u00e1rez y Radio Universidad.&nbsp;<\/p>\n\n\n\n<p>En la presentaci\u00f3n de la campa\u00f1a tambi\u00e9n estuvo presente Fray Juli\u00e1n Cruzalta, Asesor teol\u00f3gico de CDD; Edith Mat\u00edas, integrante de Cepiadet y Valeria Jasso qui\u00e9n moder\u00f3 la conversaci\u00f3n.<\/p>\n","protected":false},"excerpt":{"rendered":"<p>Evlin Arag\u00f3n\/Zona Roja. Oaxaca de Ju\u00e1rez, Oax., 21 de mayo de 2021.- A un a\u00f1o&hellip;<\/p>\n","protected":false},"author":2,"featured_media":21914,"comment_status":"closed","ping_status":"open","sticky":false,"template":"","format":"standard","meta":{"_lmt_disableupdate":"","_lmt_disable":"","_jetpack_memberships_contains_paid_content":false,"footnotes":""},"categories":[109,47],"tags":[741],"class_list":["post-27517","post","type-post","status-publish","format-standard","has-post-thumbnail","hentry","category-minuto-a-minuto","category-zona-gris","tag-aborto-en-oaxaca"],"jetpack_featured_media_url":"https:\/\/zonaroja.com.mx\/wp-content\/uploads\/2021\/01\/Aborto-Argentina.jpg","jetpack_sharing_enabled":true,"_links":{"self":[{"href":"https:\/\/zonaroja.com.mx\/index.php?rest_route=\/wp\/v2\/posts\/27517","targetHints":{"allow":["GET"]}}],"collection":[{"href":"https:\/\/zonaroja.com.mx\/index.php?rest_route=\/wp\/v2\/posts"}],"about":[{"href":"https:\/\/zonaroja.com.mx\/index.php?rest_route=\/wp\/v2\/types\/post"}],"author":[{"embeddable":true,"href":"https:\/\/zonaroja.com.mx\/index.php?rest_route=\/wp\/v2\/users\/2"}],"replies":[{"embeddable":true,"href":"https:\/\/zonaroja.com.mx\/index.php?rest_route=%2Fwp%2Fv2%2Fcomments&post=27517"}],"version-history":[{"count":1,"href":"https:\/\/zonaroja.com.mx\/index.php?rest_route=\/wp\/v2\/posts\/27517\/revisions"}],"predecessor-version":[{"id":27518,"href":"https:\/\/zonaroja.com.mx\/index.php?rest_route=\/wp\/v2\/posts\/27517\/revisions\/27518"}],"wp:featuredmedia":[{"embeddable":true,"href":"https:\/\/zonaroja.com.mx\/index.php?rest_route=\/wp\/v2\/media\/21914"}],"wp:attachment":[{"href":"https:\/\/zonaroja.com.mx\/index.php?rest_route=%2Fwp%2Fv2%2Fmedia&parent=27517"}],"wp:term":[{"taxonomy":"category","embeddable":true,"href":"https:\/\/zonaroja.com.mx\/index.php?rest_route=%2Fwp%2Fv2%2Fcategories&post=27517"},{"taxonomy":"post_tag","embeddable":true,"href":"https:\/\/zonaroja.com.mx\/index.php?rest_route=%2Fwp%2Fv2%2Ftags&post=27517"}],"curies":[{"name":"wp","href":"https:\/\/api.w.org\/{rel}","templated":true}]}}