{"id":27525,"date":"2021-05-21T20:03:27","date_gmt":"2021-05-22T01:03:27","guid":{"rendered":"http:\/\/www.zonaroja.com.mx\/?p=27525"},"modified":"2021-05-21T20:03:32","modified_gmt":"2021-05-22T01:03:32","slug":"violencia-politica-a-candidatos-se-vigila-y-se-da-proteccion-a-quien-lo-solicite-segob","status":"publish","type":"post","link":"https:\/\/zonaroja.com.mx\/?p=27525","title":{"rendered":"Violencia pol\u00edtica a candidatos se vigila y se da protecci\u00f3n a quien lo solicite: Segob"},"content":{"rendered":"\n<p>Yuridiana Sosa\/Zona Roja.<\/p>\n\n\n\n<p>Oaxaca de Ju\u00e1rez, Oax., 21 de mayo de 2021.- La secretaria de Gobernaci\u00f3n, Olga S\u00e1nchez Cordero, se\u00f1al\u00f3 que para la atenci\u00f3n de la violencia pol\u00edtica existe una mesa permanente a fin de vigilar y dar atenci\u00f3n a los casos, as\u00ed como se brinda seguridad p\u00fablica a quien lo requiere.<\/p>\n\n\n\n<p>En su visita a Oaxaca, entrevistada al t\u00e9rmino de la Jornada Nacional del Notariado Mexicano con Perspectiva de G\u00e9nero, la responsable de la pol\u00edtica interior del pa\u00eds asegur\u00f3 que en algunos casos donde los candidatos fueron asesinados, la dependencia no tuvo conocimiento antes de los ataques por parte de los agredidos de una situaci\u00f3n de riesgo, ni solicitaron protecci\u00f3n.<\/p>\n\n\n\n<p>Detall\u00f3 que para ofrecer protecci\u00f3n el candidato debe solicitarlo, as\u00ed como que la Segob realiza una evaluaci\u00f3n del riesgo.<\/p>\n\n\n\n<p>Pese al contexto de violencia en el pa\u00eds y Oaxaca, S\u00e1nchez Cordero desestim\u00f3 que haya riesgos durante la jornada electoral del pr\u00f3ximo 6 de junio, para la cual tambi\u00e9n ya se establecieron mecanismos de salubridad ante el Covid-19.<\/p>\n\n\n\n<p>Durante la ma\u00f1ana de este viernes, en la conferencia matutina del presidente Andr\u00e9s Manuel L\u00f3pez Obrador, la secretaria de Seguridad y Protecci\u00f3n Ciudadana (SSPC), Rosa Icela Rodr\u00edguez Vel\u00e1zquez, dijo en materia de violencia pol\u00edtica que se trabaja desde un centro de monitoreo y en coordinaci\u00f3n con la Secretar\u00eda de Gobernaci\u00f3n, la Consejer\u00eda Jur\u00eddica, la Unidad de Investigaci\u00f3n Financiera, entre otras.<\/p>\n\n\n\n<figure class=\"wp-block-embed-twitter wp-block-embed is-type-rich is-provider-twitter\"><div class=\"wp-block-embed__wrapper\">\n<div class=\"twitter-tweet\"><blockquote class=\"twitter-tweet\" data-lang=\"es\"><p lang=\"es\" dir=\"ltr\"><a href=\"https:\/\/twitter.com\/hashtag\/%C3%9AltimoMinuto?src=hash&amp;ref_src=twsrc%5Etfw\">#\u00daltimoMinuto<\/a><br>Hay una mesa permanente para atender la violencia pol\u00edtica en <a href=\"https:\/\/twitter.com\/hashtag\/M%C3%A9xico?src=hash&amp;ref_src=twsrc%5Etfw\">#M\u00e9xico<\/a>, asegur\u00f3 la secretaria de Gobernaci\u00f3n, <a href=\"https:\/\/twitter.com\/M_OlgaSCordero?ref_src=twsrc%5Etfw\">@M_OlgaSCordero<\/a>, durante su visita a <a href=\"https:\/\/twitter.com\/hashtag\/Oaxaca?src=hash&amp;ref_src=twsrc%5Etfw\">#Oaxaca<\/a>; desestim\u00f3 que haya riesgo en los comicios por las agresiones a candidatos. <a href=\"https:\/\/t.co\/SZpSxhuXQz\">pic.twitter.com\/SZpSxhuXQz<\/a><\/p>&mdash; Zona Roja Oaxaca (@Zona_Roja_Oax) <a href=\"https:\/\/twitter.com\/Zona_Roja_Oax\/status\/1395832920753967108?ref_src=twsrc%5Etfw\">21 de mayo de 2021<\/a><\/blockquote><\/div>\n<\/div><\/figure>\n\n\n\n<p>JORNADA DE ELECCIONES<\/p>\n\n\n\n<p>En la entrevista colectiva, la secretaria de Gobernaci\u00f3n, Olga S\u00e1nchez Cordero, se\u00f1al\u00f3 que la jornada del 6 de junio tendr\u00e1 la vigilancia de las fuerzas p\u00fablicas conforme al nivel de las contiendas, es decir, lo federal ser\u00e1 asegurado por la Guardia Nacional y las locales por gobierno estatal a trav\u00e9s de sus corporaciones.<\/p>\n\n\n\n<p>Con relaci\u00f3n al tema del Covid-19, agreg\u00f3 que el jueves se reunieron con los gobernadores, el Instituto Nacional Electoral (INE) y la Secretar\u00eda de Salud para definir el protocolo y evitar la propagaci\u00f3n del virus.<\/p>\n\n\n\n<p>REGRESA A CLASES<\/p>\n\n\n\n<p>S\u00e1nchez Cordero y el gobernador de Oaxaca, Alejandro Murat Hinojosa, apuntaron que se ha establecido que para julio sea el regreso a clases de forma presencial.<\/p>\n\n\n\n<p>El mandatario estatal dijo que este planteamiento a\u00fan se dialoga con el magisterio oaxaque\u00f1o para encontrar las mejores condiciones.<\/p>\n\n\n\n<p>Esta propuesta la realiz\u00f3 el gobierno federal al gobernador en una reuni\u00f3n de este jueves, donde el gobierno federal recalc\u00f3 la importancia del retorno de los estudiantes a sus aulas tras m\u00e1s de un a\u00f1o de confinamiento.<\/p>\n","protected":false},"excerpt":{"rendered":"<p>Yuridiana Sosa\/Zona Roja. Oaxaca de Ju\u00e1rez, Oax., 21 de mayo de 2021.- La secretaria de&hellip;<\/p>\n","protected":false},"author":2,"featured_media":27526,"comment_status":"closed","ping_status":"open","sticky":false,"template":"","format":"standard","meta":{"_lmt_disableupdate":"","_lmt_disable":"","_jetpack_memberships_contains_paid_content":false,"footnotes":""},"categories":[109,46],"tags":[948],"class_list":["post-27525","post","type-post","status-publish","format-standard","has-post-thumbnail","hentry","category-minuto-a-minuto","category-zona-blanca","tag-olga-sanchez-cordero"],"jetpack_featured_media_url":"https:\/\/zonaroja.com.mx\/wp-content\/uploads\/2021\/05\/Olga-Sanchez-Cordero.jpg","jetpack_sharing_enabled":true,"_links":{"self":[{"href":"https:\/\/zonaroja.com.mx\/index.php?rest_route=\/wp\/v2\/posts\/27525","targetHints":{"allow":["GET"]}}],"collection":[{"href":"https:\/\/zonaroja.com.mx\/index.php?rest_route=\/wp\/v2\/posts"}],"about":[{"href":"https:\/\/zonaroja.com.mx\/index.php?rest_route=\/wp\/v2\/types\/post"}],"author":[{"embeddable":true,"href":"https:\/\/zonaroja.com.mx\/index.php?rest_route=\/wp\/v2\/users\/2"}],"replies":[{"embeddable":true,"href":"https:\/\/zonaroja.com.mx\/index.php?rest_route=%2Fwp%2Fv2%2Fcomments&post=27525"}],"version-history":[{"count":1,"href":"https:\/\/zonaroja.com.mx\/index.php?rest_route=\/wp\/v2\/posts\/27525\/revisions"}],"predecessor-version":[{"id":27527,"href":"https:\/\/zonaroja.com.mx\/index.php?rest_route=\/wp\/v2\/posts\/27525\/revisions\/27527"}],"wp:featuredmedia":[{"embeddable":true,"href":"https:\/\/zonaroja.com.mx\/index.php?rest_route=\/wp\/v2\/media\/27526"}],"wp:attachment":[{"href":"https:\/\/zonaroja.com.mx\/index.php?rest_route=%2Fwp%2Fv2%2Fmedia&parent=27525"}],"wp:term":[{"taxonomy":"category","embeddable":true,"href":"https:\/\/zonaroja.com.mx\/index.php?rest_route=%2Fwp%2Fv2%2Fcategories&post=27525"},{"taxonomy":"post_tag","embeddable":true,"href":"https:\/\/zonaroja.com.mx\/index.php?rest_route=%2Fwp%2Fv2%2Ftags&post=27525"}],"curies":[{"name":"wp","href":"https:\/\/api.w.org\/{rel}","templated":true}]}}