{"id":27528,"date":"2021-05-21T21:41:33","date_gmt":"2021-05-22T02:41:33","guid":{"rendered":"http:\/\/www.zonaroja.com.mx\/?p=27528"},"modified":"2021-05-21T21:41:36","modified_gmt":"2021-05-22T02:41:36","slug":"atiende-amlo-atiende-de-comercam-y-seran-recibidos-en-la-secretaria-de-economia","status":"publish","type":"post","link":"https:\/\/zonaroja.com.mx\/?p=27528","title":{"rendered":"Atiende AMLO atiende de Comercam y ser\u00e1n recibidos en la Secretar\u00eda de Econom\u00eda"},"content":{"rendered":"\n<p>Yuridiana Sosa\/Zona Roja.<\/p>\n\n\n\n<p>Oaxaca de Ju\u00e1rez, Oax., 21 de mayo de 2021.- El conflicto sobre la renovaci\u00f3n de la dirigencia en el Consejo Mexicano Regulador de la Calidad del Mezcal (Comercam), tuvo la intervenci\u00f3n del Presidente de la Rep\u00fablica, Andr\u00e9s Manuel L\u00f3pez Obrador, para que la nueva representaci\u00f3n sea recibida en la Secretar\u00eda de Econom\u00eda.<\/p>\n\n\n\n<p>En la conferencia matutina de este viernes, el mandatario mexicano accedi\u00f3 a la petici\u00f3n de la dirigencia para ser atendidos por la secretaria Tatiana Clouthier Carrillo, a fin de plantearle propuestas para la detonaci\u00f3n de la industria del mezcal.<\/p>\n\n\n\n<p>\u201cS\u00ed, le voy a pedir a Tatiana que los reciba\u201d, indic\u00f3 el mandatario ante la solicitud expresa durante la misma conferencia a trav\u00e9s de un interlocutor de los mezcaleros.<\/p>\n\n\n\n<figure class=\"wp-block-embed-twitter wp-block-embed is-type-rich is-provider-twitter\"><div class=\"wp-block-embed__wrapper\">\n<div class=\"twitter-tweet\"><blockquote class=\"twitter-tweet\" data-lang=\"es\"><p lang=\"es\" dir=\"ltr\">\u00a1Otra vez! Ante el desinter\u00e9s de la <a href=\"https:\/\/twitter.com\/SEGEGO_GobOax?ref_src=twsrc%5Etfw\">@SEGEGO_GobOax<\/a>, otro conflicto de <a href=\"https:\/\/twitter.com\/hashtag\/Oaxaca?src=hash&amp;ref_src=twsrc%5Etfw\">#Oaxaca<\/a> lleg\u00f3 a la conferencia \u201cma\u00f1anera\u201d.<br>El presidente <a href=\"https:\/\/twitter.com\/lopezobrador_?ref_src=twsrc%5Etfw\">@lopezobrador_<\/a> ofreci\u00f3 que la nueva dirigencia del <a href=\"https:\/\/twitter.com\/CrmMezcal?ref_src=twsrc%5Etfw\">@CrmMezcal<\/a> ser\u00e1 recibida por la titular de la <a href=\"https:\/\/twitter.com\/SE_mx?ref_src=twsrc%5Etfw\">@SE_mx<\/a>. <a href=\"https:\/\/t.co\/x68ftQhRFh\">pic.twitter.com\/x68ftQhRFh<\/a><\/p>&mdash; Zona Roja Oaxaca (@Zona_Roja_Oax) <a href=\"https:\/\/twitter.com\/Zona_Roja_Oax\/status\/1395850836593479684?ref_src=twsrc%5Etfw\">21 de mayo de 2021<\/a><\/blockquote><\/div>\n<\/div><\/figure>\n\n\n\n<p>El Presidente de M\u00e9xico escuch\u00f3 sobre la organizaci\u00f3n de los productores de mezcal para nombrar a sus nuevos representantes encabezados por Abelino Cohetero Villegas como presidente en sustituci\u00f3n de Hip\u00f3crates Nolasco Cancino, quien de forma arbitraria se mantuvo en la dirigencia por m\u00e1s de nueve a\u00f1os, en los que no rindi\u00f3 cuentas.<\/p>\n\n\n\n<p>Sin embargo, tras la asamblea de selecci\u00f3n y toma de protesta el pasado 17 de mayo, han surgido distintos conflictos que ponen el pie al trabajo de la dirigencia reci\u00e9n nombrada.<\/p>\n\n\n\n<p>El ex presidente, Hip\u00f3crates Nolasco se\u00f1al\u00f3 que la asamblea &#8211;en la que participaron cientos de socios como no se hab\u00eda registrado antes&#8211;&nbsp; es ilegal; adem\u00e1s, un grupo de hombres relacionadas con Nolasco Cancino ingres\u00f3 a las oficinas de la Comercam y sustrajo documentos, hologramas y el servidor.<\/p>\n\n\n\n<p>La nueva dirigencia ha se\u00f1alado que continuar\u00e1 con el trabajo y buscar\u00e1n los mecanismos necesarios para dignificar e impulsar al sector de forma igualitaria para sus socios.<\/p>\n","protected":false},"excerpt":{"rendered":"<p>Yuridiana Sosa\/Zona Roja. Oaxaca de Ju\u00e1rez, Oax., 21 de mayo de 2021.- El conflicto sobre&hellip;<\/p>\n","protected":false},"author":2,"featured_media":27529,"comment_status":"closed","ping_status":"open","sticky":false,"template":"","format":"standard","meta":{"_lmt_disableupdate":"","_lmt_disable":"","_jetpack_memberships_contains_paid_content":false,"footnotes":""},"categories":[109,47],"tags":[2688],"class_list":["post-27528","post","type-post","status-publish","format-standard","has-post-thumbnail","hentry","category-minuto-a-minuto","category-zona-gris","tag-consejo-mexicano-regulador-de-la-calidad-del-mezcal-comercam"],"jetpack_featured_media_url":"https:\/\/zonaroja.com.mx\/wp-content\/uploads\/2021\/05\/Mezcaleros-Comercam.jpg","jetpack_sharing_enabled":true,"_links":{"self":[{"href":"https:\/\/zonaroja.com.mx\/index.php?rest_route=\/wp\/v2\/posts\/27528","targetHints":{"allow":["GET"]}}],"collection":[{"href":"https:\/\/zonaroja.com.mx\/index.php?rest_route=\/wp\/v2\/posts"}],"about":[{"href":"https:\/\/zonaroja.com.mx\/index.php?rest_route=\/wp\/v2\/types\/post"}],"author":[{"embeddable":true,"href":"https:\/\/zonaroja.com.mx\/index.php?rest_route=\/wp\/v2\/users\/2"}],"replies":[{"embeddable":true,"href":"https:\/\/zonaroja.com.mx\/index.php?rest_route=%2Fwp%2Fv2%2Fcomments&post=27528"}],"version-history":[{"count":1,"href":"https:\/\/zonaroja.com.mx\/index.php?rest_route=\/wp\/v2\/posts\/27528\/revisions"}],"predecessor-version":[{"id":27530,"href":"https:\/\/zonaroja.com.mx\/index.php?rest_route=\/wp\/v2\/posts\/27528\/revisions\/27530"}],"wp:featuredmedia":[{"embeddable":true,"href":"https:\/\/zonaroja.com.mx\/index.php?rest_route=\/wp\/v2\/media\/27529"}],"wp:attachment":[{"href":"https:\/\/zonaroja.com.mx\/index.php?rest_route=%2Fwp%2Fv2%2Fmedia&parent=27528"}],"wp:term":[{"taxonomy":"category","embeddable":true,"href":"https:\/\/zonaroja.com.mx\/index.php?rest_route=%2Fwp%2Fv2%2Fcategories&post=27528"},{"taxonomy":"post_tag","embeddable":true,"href":"https:\/\/zonaroja.com.mx\/index.php?rest_route=%2Fwp%2Fv2%2Ftags&post=27528"}],"curies":[{"name":"wp","href":"https:\/\/api.w.org\/{rel}","templated":true}]}}