{"id":27534,"date":"2021-05-21T22:06:08","date_gmt":"2021-05-22T03:06:08","guid":{"rendered":"http:\/\/www.zonaroja.com.mx\/?p=27534"},"modified":"2021-05-21T22:06:11","modified_gmt":"2021-05-22T03:06:11","slug":"tendra-oaxaca-elecciones-en-semaforo-verde-por-covid-19","status":"publish","type":"post","link":"https:\/\/zonaroja.com.mx\/?p=27534","title":{"rendered":"Tendr\u00e1 Oaxaca elecciones en sem\u00e1foro verde por Covid-19"},"content":{"rendered":"\n<p>Redacci\u00f3n\/Zona Roja.<\/p>\n\n\n\n<p>Oaxaca de Ju\u00e1rez, Oax., 21 de mayo de 2021.- El estado de Oaxaca se mantendr\u00e1 por dos semanas m\u00e1s en sem\u00e1foro epidemiol\u00f3gico verde por Covid-19, lo que significa riesgo bajo de contagios.<\/p>\n\n\n\n<p>Ser\u00e1 del 24 de mayo al 6 de junio en que la entidad se mantendr\u00e1 en esta situaci\u00f3n, e incluye el d\u00eda de los comicios, que en el caso de Oaxaca, es la elecci\u00f3n de 25 diputados de mayor\u00eda relativa y 17 de representaci\u00f3n proporcional, as\u00ed como la renovaci\u00f3n de 153 concejal\u00edas.<\/p>\n\n\n\n<p>La Secretar\u00eda de Salud federal determin\u00f3 dicha disposici\u00f3n y en ese lapso, ya no habr\u00e1 ninguna entidad en sem\u00e1foro rojo; ser\u00e1 uno en naranja (Quintana Roo), 15 en amarillo y 16 en verde.<\/p>\n\n\n\n<p>Por otra parte, la dependencia Servicios de Salud de Oaxaca inform\u00f3 que este viernes 21 de mayo se han registrado 27 casos nuevos de Covid-19, sumando 46 mil 920 casos acumulados, y lamentablemente se registr\u00f3 una defunci\u00f3n, para sumar tres mil 674 muertes acumuladas; hay 216 casos activos.<\/p>\n\n\n\n<figure class=\"wp-block-embed-twitter wp-block-embed is-type-rich is-provider-twitter\"><div class=\"wp-block-embed__wrapper\">\n<div class=\"twitter-tweet\"><blockquote class=\"twitter-tweet\" data-lang=\"es\"><p lang=\"es\" dir=\"ltr\"><a href=\"https:\/\/twitter.com\/hashtag\/%C3%9AltimoMinuto?src=hash&amp;ref_src=twsrc%5Etfw\">#\u00daltimoMinuto<\/a><br>En el caso de <a href=\"https:\/\/twitter.com\/hashtag\/Oaxaca?src=hash&amp;ref_src=twsrc%5Etfw\">#Oaxaca<\/a>, este viernes los Servicios de Salud reportaron un deceso por Covid-19, con lo que la cifra de fallecimientos es de tres mil 674.<br>De la misma manera, 27 nuevos casos positivos, para un acumulado de 46 mil 920 casos confirmados.<a href=\"https:\/\/twitter.com\/hashtag\/Qu%C3%A9dateEnCasa?src=hash&amp;ref_src=twsrc%5Etfw\">#Qu\u00e9dateEnCasa<\/a> <a href=\"https:\/\/t.co\/QT7wSUEqEe\">pic.twitter.com\/QT7wSUEqEe<\/a><\/p>&mdash; Zona Roja Oaxaca (@Zona_Roja_Oax) <a href=\"https:\/\/twitter.com\/Zona_Roja_Oax\/status\/1395914360325910528?ref_src=twsrc%5Etfw\">22 de mayo de 2021<\/a><\/blockquote><\/div>\n<\/div><\/figure>\n\n\n\n<p>Asimismo, este viernes arrib\u00f3 a la entidad el vig\u00e9simo s\u00e9ptimo cargamento de vacunas contra la Covid, con un lote de 48 mil dosis de la vacuna SinoVac, sumando 241 mil 840 dosis que se han recibido de este biol\u00f3gico en Oaxaca, esto como parte del seguimiento a la estrategia del Plan Nacional de Vacunaci\u00f3n contra el virus SARS-CoV-2.<\/p>\n\n\n\n<p>Se\u00f1al\u00f3 que se han notificado 77 mil 737 casos, de los cuales 26 mil 085 han sido negativos, hay cuatro mil 732 casos sospechosos, y 43 mil 030 se han recuperado.<\/p>\n\n\n\n<p>Por Jurisdicci\u00f3n Sanitaria, Valles Centrales contabiliza 31 mil 941 casos confirmados y mil 880 defunciones, Istmo cuatro mil 38 y 664 fallecimientos, Tuxtepec dos mil 912 y 348 muertes, Costa dos mil 411 y 268 decesos, Mixteca tres mil 972 y 347 p\u00e9rdidas fatales, Sierra mil 646 y 167 defunciones.<\/p>\n\n\n\n<p>Los 27 casos nuevos se distribuyen en 17 municipios, siendo el que mayor n\u00famero de contagios registrados&nbsp; report\u00f3, Oaxaca de Ju\u00e1rez con seis, San Pedro Mixtepec Distrito 22 cuatro, San Pedro Pochutla, Santa Cruz Amilpas, Santa Luc\u00eda del Camino, Santa Mar\u00eda Atzompa y Santo Domingo Tehuantepec dos cada uno; el resto un solo caso.<\/p>\n\n\n\n<p>En relaci\u00f3n a la ocupaci\u00f3n hospitalaria, Valles Centrales contabiliza 17.9%, Istmo 15.5%, Tuxtepec 33.3%, Costa 13.7%, Mixteca 15.8% y la Sierra 0%, con un global del 18.2%, hay 11 nuevos hospitalizados.<\/p>\n","protected":false},"excerpt":{"rendered":"<p>Redacci\u00f3n\/Zona Roja. Oaxaca de Ju\u00e1rez, Oax., 21 de mayo de 2021.- El estado de Oaxaca&hellip;<\/p>\n","protected":false},"author":2,"featured_media":27535,"comment_status":"closed","ping_status":"open","sticky":false,"template":"","format":"standard","meta":{"_lmt_disableupdate":"","_lmt_disable":"","_jetpack_memberships_contains_paid_content":false,"footnotes":""},"categories":[109,47],"tags":[1512],"class_list":["post-27534","post","type-post","status-publish","format-standard","has-post-thumbnail","hentry","category-minuto-a-minuto","category-zona-gris","tag-coronavirus-oaxaca"],"jetpack_featured_media_url":"https:\/\/zonaroja.com.mx\/wp-content\/uploads\/2021\/05\/SSO-1-1-1.jpeg","jetpack_sharing_enabled":true,"_links":{"self":[{"href":"https:\/\/zonaroja.com.mx\/index.php?rest_route=\/wp\/v2\/posts\/27534","targetHints":{"allow":["GET"]}}],"collection":[{"href":"https:\/\/zonaroja.com.mx\/index.php?rest_route=\/wp\/v2\/posts"}],"about":[{"href":"https:\/\/zonaroja.com.mx\/index.php?rest_route=\/wp\/v2\/types\/post"}],"author":[{"embeddable":true,"href":"https:\/\/zonaroja.com.mx\/index.php?rest_route=\/wp\/v2\/users\/2"}],"replies":[{"embeddable":true,"href":"https:\/\/zonaroja.com.mx\/index.php?rest_route=%2Fwp%2Fv2%2Fcomments&post=27534"}],"version-history":[{"count":1,"href":"https:\/\/zonaroja.com.mx\/index.php?rest_route=\/wp\/v2\/posts\/27534\/revisions"}],"predecessor-version":[{"id":27536,"href":"https:\/\/zonaroja.com.mx\/index.php?rest_route=\/wp\/v2\/posts\/27534\/revisions\/27536"}],"wp:featuredmedia":[{"embeddable":true,"href":"https:\/\/zonaroja.com.mx\/index.php?rest_route=\/wp\/v2\/media\/27535"}],"wp:attachment":[{"href":"https:\/\/zonaroja.com.mx\/index.php?rest_route=%2Fwp%2Fv2%2Fmedia&parent=27534"}],"wp:term":[{"taxonomy":"category","embeddable":true,"href":"https:\/\/zonaroja.com.mx\/index.php?rest_route=%2Fwp%2Fv2%2Fcategories&post=27534"},{"taxonomy":"post_tag","embeddable":true,"href":"https:\/\/zonaroja.com.mx\/index.php?rest_route=%2Fwp%2Fv2%2Ftags&post=27534"}],"curies":[{"name":"wp","href":"https:\/\/api.w.org\/{rel}","templated":true}]}}