{"id":27537,"date":"2021-05-22T07:20:17","date_gmt":"2021-05-22T12:20:17","guid":{"rendered":"http:\/\/www.zonaroja.com.mx\/?p=27537"},"modified":"2021-05-22T07:20:21","modified_gmt":"2021-05-22T12:20:21","slug":"rey-david-villagrana-un-candidato-joven-y-surgido-de-la-sociedad-que-busca-presidir-la-capital","status":"publish","type":"post","link":"https:\/\/zonaroja.com.mx\/?p=27537","title":{"rendered":"Rey David Villagrana: un candidato joven y surgido de la sociedad que busca presidir la capital"},"content":{"rendered":"\n<p>Redacci\u00f3n\/Zona Roja.<\/p>\n\n\n\n<p>Oaxaca de Ju\u00e1rez, Oax., 22 de mayo de 2021.- Entre los candidatos que buscan la presidencia municipal de Oaxaca de Ju\u00e1rez, se encuentra Rey David Villagrana, del Partido de Nueva Alianza (Panal), un candidato joven y capaz de gobernar la capital.<\/p>\n\n\n\n<p>Un contendiente que viene de la misma ciudadan\u00eda y que puede llegar a ser para los capitalinos, una opci\u00f3n importante;&nbsp; fuera de la vieja pol\u00edtica en la que se han manejo sus adversarios.<\/p>\n\n\n\n<p>Villagrana es conocido por su padre, pionero de la computaci\u00f3n en la capital; asimismo, por haber sido agente municipal de Pueblo Nuevo, una de las agencias m\u00e1s grandes.<\/p>\n\n\n\n<p>Sin dejar de mencionar que estuvo de suplente de regidor en el mismo municipio, pero lo que ha sobresalido en la carretera de dicho candidato es el trabajo que ha realizado en temas altruistas.<\/p>\n\n\n\n<figure class=\"wp-block-embed-twitter wp-block-embed is-type-rich is-provider-twitter\"><div class=\"wp-block-embed__wrapper\">\n<div class=\"twitter-tweet\"><blockquote class=\"twitter-tweet\" data-lang=\"es\"><p lang=\"es\" dir=\"ltr\">\u00bfQui\u00e9n es <a href=\"https:\/\/twitter.com\/ReyVillagrana?ref_src=twsrc%5Etfw\">@ReyVillagrana<\/a>? Un candidato joven, surgido de la sociedad civil, que busca la presidencia municipal de <a href=\"https:\/\/twitter.com\/hashtag\/Oaxaca?src=hash&amp;ref_src=twsrc%5Etfw\">#Oaxaca<\/a> de Ju\u00e1rez por <a href=\"https:\/\/twitter.com\/NuevaAlianzaOa?ref_src=twsrc%5Etfw\">@NuevaAlianzaOa<\/a>. \u00a1Con\u00f3zcalo! \ud83d\udc47 <a href=\"https:\/\/t.co\/nFkYOPXcfx\">pic.twitter.com\/nFkYOPXcfx<\/a><\/p>&mdash; Zona Roja Oaxaca (@Zona_Roja_Oax) <a href=\"https:\/\/twitter.com\/Zona_Roja_Oax\/status\/1395888633228546049?ref_src=twsrc%5Etfw\">21 de mayo de 2021<\/a><\/blockquote><\/div>\n<\/div><\/figure>\n\n\n\n<p>Siempre comprometido en trabajar y aportar su experiencia y&nbsp; hoy lo hace a trav\u00e9s de este gran proyecto ciudadano, ya que durante sus recorridos de campa\u00f1a se ha caracterizado por escuchar y reconocer las necesidades reales de los oaxaque\u00f1os.<\/p>\n\n\n\n<p>Asimismo, ha mencionado que Oaxaca de Ju\u00e1rez necesita tener una nueva l\u00ednea de trabajo y porque no darle la oportunidad a una persona joven, que tenga propuestas nuevas y frescas que lleven a nuestro municipio a ser uno de los mejores municipios del estado.<\/p>\n","protected":false},"excerpt":{"rendered":"<p>Redacci\u00f3n\/Zona Roja. Oaxaca de Ju\u00e1rez, Oax., 22 de mayo de 2021.- Entre los candidatos que&hellip;<\/p>\n","protected":false},"author":2,"featured_media":27538,"comment_status":"closed","ping_status":"open","sticky":false,"template":"","format":"standard","meta":{"_lmt_disableupdate":"","_lmt_disable":"","_jetpack_memberships_contains_paid_content":false,"footnotes":""},"categories":[109,46],"tags":[2691],"class_list":["post-27537","post","type-post","status-publish","format-standard","has-post-thumbnail","hentry","category-minuto-a-minuto","category-zona-blanca","tag-rey-david-villagrana"],"jetpack_featured_media_url":"https:\/\/zonaroja.com.mx\/wp-content\/uploads\/2021\/05\/Rey-David-Villagrana.jpg","jetpack_sharing_enabled":true,"_links":{"self":[{"href":"https:\/\/zonaroja.com.mx\/index.php?rest_route=\/wp\/v2\/posts\/27537","targetHints":{"allow":["GET"]}}],"collection":[{"href":"https:\/\/zonaroja.com.mx\/index.php?rest_route=\/wp\/v2\/posts"}],"about":[{"href":"https:\/\/zonaroja.com.mx\/index.php?rest_route=\/wp\/v2\/types\/post"}],"author":[{"embeddable":true,"href":"https:\/\/zonaroja.com.mx\/index.php?rest_route=\/wp\/v2\/users\/2"}],"replies":[{"embeddable":true,"href":"https:\/\/zonaroja.com.mx\/index.php?rest_route=%2Fwp%2Fv2%2Fcomments&post=27537"}],"version-history":[{"count":1,"href":"https:\/\/zonaroja.com.mx\/index.php?rest_route=\/wp\/v2\/posts\/27537\/revisions"}],"predecessor-version":[{"id":27539,"href":"https:\/\/zonaroja.com.mx\/index.php?rest_route=\/wp\/v2\/posts\/27537\/revisions\/27539"}],"wp:featuredmedia":[{"embeddable":true,"href":"https:\/\/zonaroja.com.mx\/index.php?rest_route=\/wp\/v2\/media\/27538"}],"wp:attachment":[{"href":"https:\/\/zonaroja.com.mx\/index.php?rest_route=%2Fwp%2Fv2%2Fmedia&parent=27537"}],"wp:term":[{"taxonomy":"category","embeddable":true,"href":"https:\/\/zonaroja.com.mx\/index.php?rest_route=%2Fwp%2Fv2%2Fcategories&post=27537"},{"taxonomy":"post_tag","embeddable":true,"href":"https:\/\/zonaroja.com.mx\/index.php?rest_route=%2Fwp%2Fv2%2Ftags&post=27537"}],"curies":[{"name":"wp","href":"https:\/\/api.w.org\/{rel}","templated":true}]}}