{"id":27543,"date":"2021-05-22T07:37:51","date_gmt":"2021-05-22T12:37:51","guid":{"rendered":"http:\/\/www.zonaroja.com.mx\/?p=27543"},"modified":"2021-05-22T07:37:55","modified_gmt":"2021-05-22T12:37:55","slug":"arropan-a-javier-villacana-miles-de-la-confederacion-joven","status":"publish","type":"post","link":"https:\/\/zonaroja.com.mx\/?p=27543","title":{"rendered":"Arropan a Javier Villaca\u00f1a miles de la Confederaci\u00f3n Joven"},"content":{"rendered":"\n<p>Redacci\u00f3n\/Zona Roja.<\/p>\n\n\n\n<p>Oaxaca de Ju\u00e1rez, Oax., 22 de mayo de 2021.- Miles de integrantes de la Confederaci\u00f3n Joven de M\u00e9xico (CJM) cimbraron la capital oaxaque\u00f1a con el grito de respaldo al candidato a presidente municipal, Javier Villaca\u00f1a Jim\u00e9nez, quien refrend\u00f3 su compromiso con la juventud para trabajar en equipo por el desarrollo de la ciudad.<\/p>\n\n\n\n<p>Hombres y mujeres hicieron del encuentro una celebraci\u00f3n de victoria adelantada para Villaca\u00f1a Jim\u00e9nez. \u00abLa Confederaci\u00f3n est\u00e1 contigo porque sabemos de tu capacidad. Vamos a cuidar las urnas hasta hacerte edil Javier y vamos a estar hasta el final\u201d, precis\u00f3 el secretario General, Francisco Ezquiel Cort\u00e9s Hern\u00e1ndez.<\/p>\n\n\n\n<p>En una sola voz, j\u00f3venes del CJM vitoreaban: \u201c\u00a1Javier presidente!, \u00a1Viva Javier!, y otros m\u00e1s aplaud\u00edan, en reconocimiento al trabajo hecho por a\u00f1os del aspirante del PRI, PAN y PRD y por ser la persona id\u00f3nea para rescatar al municipio del abandono y atraso en el que se encuentra.<\/p>\n\n\n\n<p>Al dirigir un mensaje, el candidato de \u201cVa por Oaxaca\u201d destac\u00f3 que desde el primer d\u00eda de gobierno emprender\u00e1 un plan de trabajo en conjunto con la Confederaci\u00f3n Joven para devolver a Oaxaca su grandeza y prosperidad. \u201cYo apreci\u00f3 esta integraci\u00f3n, vamos por triunfo\u201d, determin\u00f3 con fuerza.<\/p>\n\n\n\n<p>Dijo que crear\u00e1 la Secretar\u00eda de la Juventud, un espacio desde donde se podr\u00e1n fortalecer los programas de atenci\u00f3n, rescate de espacios y valores; adem\u00e1s de un \u00e1rea de apoyo a j\u00f3venes emprendedores y el Instituto Municipal contra las Adicciones.<\/p>\n\n\n\n<p>Dentro de su compromiso esta tambi\u00e9n apoyar la cultura y las expresiones urbanas con el prop\u00f3sito de ofrecer a la juventud herramientas para fomentar su desarrollo sano.<\/p>\n\n\n\n<p>En un ambiente de uni\u00f3n y fiesta que se replic\u00f3 por varias horas, Javier Villaca\u00f1a Jim\u00e9nez acord\u00f3 con los miles de&nbsp; agremiados ir en unidad al \u201cTequio por la ciudad\u201d&nbsp; el d\u00eda 30 de mayo, \u201cpara demostrar que el rescate de Oaxaca va en serio, porque todos queremos una ciudad segura, limpia y donde se respeten los derechos\u201d.<\/p>\n\n\n\n<p>\u201cOaxaca necesita que le echemos la mano porque necesita sentirse amada. Esto tiene que ver con la familia, para que nuestras pr\u00f3ximas generaciones tengan una gran capital\u201d, cerr\u00f3 acompa\u00f1ado de integrantes de la planilla y la candidata a diputada local, Laura Vign\u00f3n Carre\u00f1o.<\/p>\n\n\n\n<p>Cabe se\u00f1alar que la Confederaci\u00f3n Joven de M\u00e9xico es una organizaci\u00f3n de trabajadores que tiene por finalidad hacer efectivo sus derechos, mejorar sus condiciones econ\u00f3micas y sociales y defenderlos en los atentados contra su dignidad.<\/p>\n\n\n\n<figure class=\"wp-block-embed-twitter wp-block-embed is-type-rich is-provider-twitter\"><div class=\"wp-block-embed__wrapper\">\n<div class=\"twitter-tweet\"><blockquote class=\"twitter-tweet\" data-lang=\"es\"><p lang=\"es\" dir=\"ltr\"><a href=\"https:\/\/twitter.com\/hashtag\/%C3%9AltimoMinuto?src=hash&amp;ref_src=twsrc%5Etfw\">#\u00daltimoMinuto<\/a> <br>Una multitud recibi\u00f3 hoy a <a href=\"https:\/\/twitter.com\/JavierVillacana?ref_src=twsrc%5Etfw\">@JavierVillacana<\/a>, al reunirse con integrantes y dirigencia de la Confederaci\u00f3n Joven de M\u00e9xico, a quienes ofreci\u00f3 seguridad, desarrollo y estabilidad social en la capital de <a href=\"https:\/\/twitter.com\/hashtag\/Oaxaca?src=hash&amp;ref_src=twsrc%5Etfw\">#Oaxaca<\/a>. <a href=\"https:\/\/t.co\/PIFkT1sj2D\">pic.twitter.com\/PIFkT1sj2D<\/a><\/p>&mdash; Zona Roja Oaxaca (@Zona_Roja_Oax) <a href=\"https:\/\/twitter.com\/Zona_Roja_Oax\/status\/1395910565151842308?ref_src=twsrc%5Etfw\">22 de mayo de 2021<\/a><\/blockquote><\/div>\n<\/div><\/figure>\n\n\n\n<p>RED PARA LA VICTORIA<\/p>\n\n\n\n<p>Por otra parte, durante un encuentro con la estructura de promoci\u00f3n al voto del candidato a concejal Juan Rafael Rosas Herrera, el aspirante a presidente municipal de Oaxaca de Ju\u00e1rez, Javier Villaca\u00f1a Jim\u00e9nez asegur\u00f3 que a 17 d\u00edas de las elecciones cuenta con el apoyo de ciudadanos y ciudadanas que han conectado con el proyecto que encabeza&nbsp; para recuperar la grandeza de la capital.<\/p>\n\n\n\n<p>En un ambiente de triunfo que comparti\u00f3 con el candidato a diputado federal, Jos\u00e9 Antonio Hern\u00e1ndez Fraguas y la candidata a diputada local, Laura Vign\u00f3n; el abanderado \u00abVa por Oaxaca\u00bb se\u00f1al\u00f3 que el 6 de junio se estar\u00e1 gestando el triunfo y dando la lucha por mostrar que son m\u00e1s las personas que quieren una ciudad de desarrollo y crecimiento.<\/p>\n\n\n\n<p>Javier Villaca\u00f1a adelant\u00f3 lo respalda una&nbsp; red de apoyo y afectiva que lo llevar\u00e1 a la presidencia, con un gobierno de trabajo, cercano y amigo, hasta consolidar un Oaxaca de Ju\u00e1rez diferente como lo merece la ciudadan\u00eda.&nbsp; \u201cHemos hecho una campa\u00f1a intensa y sustentada en 70 compromisos y los vamos a cumplir porque tenemos la capacidad y experiencia\u201d, resalt\u00f3.<\/p>\n\n\n\n<p>No tenemos duda que vamos a ganar -afirm\u00f3- y hoy esta estructura est\u00e1 preparada, m\u00e1s unida y s\u00f3lida para ir con los votos a las urnas y dar el primer paso hacia una gran capital. Asimismo, agradeci\u00f3 toda la labor que llevan a cabo para promover el sufragio a una agenda que brindar\u00e1 seguridad, simplificaci\u00f3n administrativa, embellecimiento y m\u00e1s.<\/p>\n\n\n\n<p>Por su parte, el integrante de la planilla de Javier Villaca\u00f1a, Juan Rosas Herrera precis\u00f3 sobre la importancia de emitir el respaldo en las urnas a las y los abanderados del PRI, PAN y PRD, quienes s\u00ed atender\u00e1n y dar\u00e1n respuestas al reclamo e inconformidad de las colonias populares.<\/p>\n\n\n\n<figure class=\"wp-block-embed-twitter wp-block-embed is-type-rich is-provider-twitter\"><div class=\"wp-block-embed__wrapper\">\n<div class=\"twitter-tweet\"><blockquote class=\"twitter-tweet\" data-lang=\"es\"><p lang=\"es\" dir=\"ltr\">\u00a1Vamos a rescatar <a href=\"https:\/\/twitter.com\/hashtag\/OaxacaDeJu%C3%A1rez?src=hash&amp;ref_src=twsrc%5Etfw\">#OaxacaDeJu\u00e1rez<\/a>! Trabajaremos por un futuro pr\u00f3spero, dando soluciones no promesas. Agradezco enormemente el respaldo que nos brinda la ciudadan\u00eda; en equipo, vamos a generar m\u00e1s y mejores oportunidades para que nadie se quede atr\u00e1s. <a href=\"https:\/\/twitter.com\/hashtag\/JuntosLoHaremosDeNuevo?src=hash&amp;ref_src=twsrc%5Etfw\">#JuntosLoHaremosDeNuevo<\/a> <a href=\"https:\/\/t.co\/oNfQzdANV8\">pic.twitter.com\/oNfQzdANV8<\/a><\/p>&mdash; Javier Villaca\u00f1a (@JavierVillacana) <a href=\"https:\/\/twitter.com\/JavierVillacana\/status\/1395729001847697410?ref_src=twsrc%5Etfw\">21 de mayo de 2021<\/a><\/blockquote><\/div>\n<\/div><\/figure>\n","protected":false},"excerpt":{"rendered":"<p>Redacci\u00f3n\/Zona Roja. Oaxaca de Ju\u00e1rez, Oax., 22 de mayo de 2021.- Miles de integrantes de&hellip;<\/p>\n","protected":false},"author":2,"featured_media":27544,"comment_status":"closed","ping_status":"open","sticky":false,"template":"","format":"standard","meta":{"_lmt_disableupdate":"","_lmt_disable":"","_jetpack_memberships_contains_paid_content":false,"footnotes":""},"categories":[109,46],"tags":[2456],"class_list":["post-27543","post","type-post","status-publish","format-standard","has-post-thumbnail","hentry","category-minuto-a-minuto","category-zona-blanca","tag-javier-villacana-jimenez"],"jetpack_featured_media_url":"https:\/\/zonaroja.com.mx\/wp-content\/uploads\/2021\/05\/21May-Reunion-CJM_3.jpeg","jetpack_sharing_enabled":true,"_links":{"self":[{"href":"https:\/\/zonaroja.com.mx\/index.php?rest_route=\/wp\/v2\/posts\/27543","targetHints":{"allow":["GET"]}}],"collection":[{"href":"https:\/\/zonaroja.com.mx\/index.php?rest_route=\/wp\/v2\/posts"}],"about":[{"href":"https:\/\/zonaroja.com.mx\/index.php?rest_route=\/wp\/v2\/types\/post"}],"author":[{"embeddable":true,"href":"https:\/\/zonaroja.com.mx\/index.php?rest_route=\/wp\/v2\/users\/2"}],"replies":[{"embeddable":true,"href":"https:\/\/zonaroja.com.mx\/index.php?rest_route=%2Fwp%2Fv2%2Fcomments&post=27543"}],"version-history":[{"count":1,"href":"https:\/\/zonaroja.com.mx\/index.php?rest_route=\/wp\/v2\/posts\/27543\/revisions"}],"predecessor-version":[{"id":27545,"href":"https:\/\/zonaroja.com.mx\/index.php?rest_route=\/wp\/v2\/posts\/27543\/revisions\/27545"}],"wp:featuredmedia":[{"embeddable":true,"href":"https:\/\/zonaroja.com.mx\/index.php?rest_route=\/wp\/v2\/media\/27544"}],"wp:attachment":[{"href":"https:\/\/zonaroja.com.mx\/index.php?rest_route=%2Fwp%2Fv2%2Fmedia&parent=27543"}],"wp:term":[{"taxonomy":"category","embeddable":true,"href":"https:\/\/zonaroja.com.mx\/index.php?rest_route=%2Fwp%2Fv2%2Fcategories&post=27543"},{"taxonomy":"post_tag","embeddable":true,"href":"https:\/\/zonaroja.com.mx\/index.php?rest_route=%2Fwp%2Fv2%2Ftags&post=27543"}],"curies":[{"name":"wp","href":"https:\/\/api.w.org\/{rel}","templated":true}]}}