{"id":27555,"date":"2021-05-23T10:00:32","date_gmt":"2021-05-23T15:00:32","guid":{"rendered":"http:\/\/www.zonaroja.com.mx\/?p=27555"},"modified":"2021-05-23T10:19:20","modified_gmt":"2021-05-23T15:19:20","slug":"solicitan-en-congreso-al-gobierno-respaldar-a-jefas-de-familia-sin-simulacion","status":"publish","type":"post","link":"https:\/\/zonaroja.com.mx\/?p=27555","title":{"rendered":"Solicitan en Congreso al gobierno respaldar a jefas de familia, sin simulaci\u00f3n"},"content":{"rendered":"\n<p>Evlin Arag\u00f3n\/Zona Roja.<\/p>\n\n\n\n<p>Oaxaca de Ju\u00e1rez, Oax., 23 de mayo de 2021.- La diputada local por Morena, Magaly L\u00f3pez Dom\u00ednguez, present\u00f3 un Punto de Acuerdo por el cual se exhorta al gobernador de Oaxaca, Alejandro Murat Hinojosa, a atender la situaci\u00f3n econ\u00f3mica a la que se enfrentan mujeres jefas de familia, a fin de que puedan hacer frente al impacto originado por la pandemia.<\/p>\n\n\n\n<p>De manera concreta, solicit\u00f3 al mandatario que instruya a quienes dirigen las secretar\u00edas de las Mujeres de Oaxaca; de Bienestar; Desarrollo Agropecuario, Pesca y Acuacultura; y de Econom\u00eda, para que coordinen acciones dirigidas a fortalecer las capacidades econ\u00f3micas de las madres jefas de familia.<\/p>\n\n\n\n<p>Las cuales, asegur\u00f3, deben incluir el apoyo en dinero para sus necesidades inmediatas, la promoci\u00f3n del comercio de productos locales de las mujeres campesinas y el adiestramiento para nuevo empleo.<\/p>\n\n\n\n<p>Lo anterior dijo, sin simulaciones, toda vez que anteriormente han recibido informes de las instancias econ\u00f3micas estatales que refieren un supuesto apoyo otorgado a mujeres por un monto superior a los cinco millones de pesos, sin embargo, se trat\u00f3 de cr\u00e9ditos que adem\u00e1s presentaron discriminaci\u00f3n por g\u00e9nero ya que el recurso asignado a varones era mayor.<\/p>\n\n\n\n<p>\u201cSe\u00f1or gobernador: sin simulaciones, por el bien de Oaxaca, es urgente financiar a las jefas de familia de nuestro estado\u201d, sentenci\u00f3 la legisladora en tribuna, el pasado mi\u00e9rcoles.<\/p>\n\n\n\n<p><div class=\"twitter-tweet\"><blockquote class=\"twitter-tweet\" data-lang=\"es\"><p lang=\"es\" dir=\"ltr\">La diputada local por Morena, <a href=\"https:\/\/twitter.com\/Magaly_LopezOax?ref_src=twsrc%5Etfw\">@Magaly_LopezOax<\/a>, present\u00f3 un punto de acuerdo por el cual se exhorta al gobernador Alejandro Murat, a atender la situaci\u00f3n econ\u00f3mica de las mujeres jefas de familia, a fin de que puedan hacer frente al impacto originado por la pandemia. <a href=\"https:\/\/t.co\/DL0HSfyWkP\">pic.twitter.com\/DL0HSfyWkP<\/a><\/p>&mdash; Zona Roja Oaxaca (@Zona_Roja_Oax) <a href=\"https:\/\/twitter.com\/Zona_Roja_Oax\/status\/1396282384476254209?ref_src=twsrc%5Etfw\">23 de mayo de 2021<\/a><\/blockquote><\/div><\/p>\n\n\n\n<p>En este sentido, L\u00f3pez Dom\u00ednguez explic\u00f3 que, en el marco de la pandemia, las mujeres oaxaque\u00f1as han enfrentado las extendidas jornadas de trabajo remunerado y no remunerado, a lo cual se le sum\u00f3 la necesidad de atenci\u00f3n a los trabajos escolares, en un contexto de precarizaci\u00f3n por la p\u00e9rdida de empleos y por las restricciones a la movilidad impuestas por la emergencia sanitaria.<\/p>\n\n\n\n<p>Detall\u00f3 que un estudio realizado por el Fondo Monetario Internacional determin\u00f3 que las madres cargaron con gran parte del enorme impacto econ\u00f3mico de la pandemia de Covid-19, por lo que indic\u00f3 es crucial dar ayuda econ\u00f3mica adicional a este sector y priorizar la reapertura de escuelas.<\/p>\n\n\n\n<p>\u201cCon el cierre de escuelas y las clases virtuales, muchas mujeres, que ya antes de la pandemia mayormente cargaban con el peso del cuidado de los hijos y las labores dom\u00e9sticas, perdieron sus empleos o les redujeron los horarios de trabajo\u201d, indic\u00f3.<\/p>\n\n\n\n<p>Finalmente, la legisladora manifest\u00f3 que los datos m\u00e1s recientes del INEGI, en torno a la ocupaci\u00f3n y el empleo confirman que el efecto econ\u00f3mico de la pandemia ha impactado desproporcionadamente a las mujeres, por lo que insisti\u00f3 en la urgencia de atender la problem\u00e1tica desde las instancias estatales.<\/p>\n","protected":false},"excerpt":{"rendered":"<p>Evlin Arag\u00f3n\/Zona Roja. Oaxaca de Ju\u00e1rez, Oax., 23 de mayo de 2021.- La diputada local&hellip;<\/p>\n","protected":false},"author":2,"featured_media":21120,"comment_status":"closed","ping_status":"open","sticky":false,"template":"","format":"standard","meta":{"_lmt_disableupdate":"","_lmt_disable":"","_jetpack_memberships_contains_paid_content":false,"footnotes":""},"categories":[109,46],"tags":[192],"class_list":["post-27555","post","type-post","status-publish","format-standard","has-post-thumbnail","hentry","category-minuto-a-minuto","category-zona-blanca","tag-diputada-magaly-lopez-dominguez"],"jetpack_featured_media_url":"https:\/\/zonaroja.com.mx\/wp-content\/uploads\/2020\/12\/Magaly-Lopez-1.jpg","jetpack_sharing_enabled":true,"_links":{"self":[{"href":"https:\/\/zonaroja.com.mx\/index.php?rest_route=\/wp\/v2\/posts\/27555","targetHints":{"allow":["GET"]}}],"collection":[{"href":"https:\/\/zonaroja.com.mx\/index.php?rest_route=\/wp\/v2\/posts"}],"about":[{"href":"https:\/\/zonaroja.com.mx\/index.php?rest_route=\/wp\/v2\/types\/post"}],"author":[{"embeddable":true,"href":"https:\/\/zonaroja.com.mx\/index.php?rest_route=\/wp\/v2\/users\/2"}],"replies":[{"embeddable":true,"href":"https:\/\/zonaroja.com.mx\/index.php?rest_route=%2Fwp%2Fv2%2Fcomments&post=27555"}],"version-history":[{"count":2,"href":"https:\/\/zonaroja.com.mx\/index.php?rest_route=\/wp\/v2\/posts\/27555\/revisions"}],"predecessor-version":[{"id":27597,"href":"https:\/\/zonaroja.com.mx\/index.php?rest_route=\/wp\/v2\/posts\/27555\/revisions\/27597"}],"wp:featuredmedia":[{"embeddable":true,"href":"https:\/\/zonaroja.com.mx\/index.php?rest_route=\/wp\/v2\/media\/21120"}],"wp:attachment":[{"href":"https:\/\/zonaroja.com.mx\/index.php?rest_route=%2Fwp%2Fv2%2Fmedia&parent=27555"}],"wp:term":[{"taxonomy":"category","embeddable":true,"href":"https:\/\/zonaroja.com.mx\/index.php?rest_route=%2Fwp%2Fv2%2Fcategories&post=27555"},{"taxonomy":"post_tag","embeddable":true,"href":"https:\/\/zonaroja.com.mx\/index.php?rest_route=%2Fwp%2Fv2%2Ftags&post=27555"}],"curies":[{"name":"wp","href":"https:\/\/api.w.org\/{rel}","templated":true}]}}