{"id":27557,"date":"2021-05-22T13:46:06","date_gmt":"2021-05-22T18:46:06","guid":{"rendered":"http:\/\/www.zonaroja.com.mx\/?p=27557"},"modified":"2021-05-22T13:46:09","modified_gmt":"2021-05-22T18:46:09","slug":"da-reves-tribunal-electoral-federal-al-ieepco-en-caso-atecas-altamirano","status":"publish","type":"post","link":"https:\/\/zonaroja.com.mx\/?p=27557","title":{"rendered":"Da rev\u00e9s Tribunal Electoral federal al IEEPCO en caso Atecas Altamirano"},"content":{"rendered":"\n<p>Evlin Arag\u00f3n\/Zona Roja.<\/p>\n\n\n\n<p>Oaxaca de Ju\u00e1rez, Oax., 22 de mayo de 2021.- La Sala Regional Xalapa del Tribunal Electoral del Poder Judicial de la Federaci\u00f3n revoc\u00f3 el acuerdo del Instituto Estatal Electoral y de Participaci\u00f3n Ciudadana (IEEPCO), por el cual se le neg\u00f3 el registro a Juan Carlos Atecas Altamirano como candidato a la primera concejal\u00eda de Salina Cruz, por el partido Verde Ecologista de M\u00e9xico.<\/p>\n\n\n\n<p>As\u00ed lo determin\u00f3 el Tribunal Federal en su m\u00e1s reciente sesi\u00f3n no presencial y dando respuesta a los procedimientos SX-JRC-56\/2021 y su acumulado SX-JDC-1027\/2021, en donde se cit\u00f3 lo siguiente:<\/p>\n\n\n\n<p>\u201cEllo, porque la exigencia de acreditar la desvinculaci\u00f3n al partido pol\u00edtico que registr\u00f3 a la candidatura que pretende reelegirse por una fuerza pol\u00edtica distinta, no se puede extender a los mun\u00edcipes sin militancia\u201d.&nbsp;<\/p>\n\n\n\n<p>Fue a inicios del mes de mayo que el IEEPCO dej\u00f3 fuera de la contienda por la presidencia municipal de Salina Cruz al edil con licencia, Juan Carlos Atecas Altamirano, por no desvincularse a tiempo de Morena, partido que lo llev\u00f3 al gobierno municipal por el trienio 2019-2021.<\/p>\n\n\n\n<p>Por lo anterior, el pol\u00edtico asegur\u00f3 que acudir\u00eda al Tribunal Estatal Electoral de Oaxaca (TEEO) y a las instancias que hicieran falta para \u201cponer a salvo su derecho a participar en la elecci\u00f3n del 6 de junio\u201d.<\/p>\n\n\n\n<p>Cabe se\u00f1alar que fue en marzo pasado que, al no ser beneficiado con la candidatura por Morena, Juan Carlos Atecas Altamirano, se registr\u00f3 como representante del Partido Verde Ecologista de M\u00e9xico (PVEM), para contender por la presidencia de esa ciudad del Istmo de Tehuantepec.<\/p>\n\n\n\n<p>En Salina Cruz, adem\u00e1s de dicho personaje por el PVEM, tambi\u00e9n buscan la presidencia por el PRI, PAN y PRD, el exalcalde Rodolfo Le\u00f3n Arag\u00f3n; por Morena, Daniel M\u00e9ndez Sosa y por el partido Unidad Popular, Jorge Leoncio Arroyo.<\/p>\n","protected":false},"excerpt":{"rendered":"<p>Evlin Arag\u00f3n\/Zona Roja. Oaxaca de Ju\u00e1rez, Oax., 22 de mayo de 2021.- La Sala Regional&hellip;<\/p>\n","protected":false},"author":2,"featured_media":27558,"comment_status":"closed","ping_status":"open","sticky":false,"template":"","format":"standard","meta":{"_lmt_disableupdate":"","_lmt_disable":"","_jetpack_memberships_contains_paid_content":false,"footnotes":""},"categories":[109,47],"tags":[1247],"class_list":["post-27557","post","type-post","status-publish","format-standard","has-post-thumbnail","hentry","category-minuto-a-minuto","category-zona-gris","tag-juan-carlos-atecas-altamirano"],"jetpack_featured_media_url":"https:\/\/zonaroja.com.mx\/wp-content\/uploads\/2021\/05\/Sala-Xalapa-TEPJF.jpg","jetpack_sharing_enabled":true,"_links":{"self":[{"href":"https:\/\/zonaroja.com.mx\/index.php?rest_route=\/wp\/v2\/posts\/27557","targetHints":{"allow":["GET"]}}],"collection":[{"href":"https:\/\/zonaroja.com.mx\/index.php?rest_route=\/wp\/v2\/posts"}],"about":[{"href":"https:\/\/zonaroja.com.mx\/index.php?rest_route=\/wp\/v2\/types\/post"}],"author":[{"embeddable":true,"href":"https:\/\/zonaroja.com.mx\/index.php?rest_route=\/wp\/v2\/users\/2"}],"replies":[{"embeddable":true,"href":"https:\/\/zonaroja.com.mx\/index.php?rest_route=%2Fwp%2Fv2%2Fcomments&post=27557"}],"version-history":[{"count":1,"href":"https:\/\/zonaroja.com.mx\/index.php?rest_route=\/wp\/v2\/posts\/27557\/revisions"}],"predecessor-version":[{"id":27559,"href":"https:\/\/zonaroja.com.mx\/index.php?rest_route=\/wp\/v2\/posts\/27557\/revisions\/27559"}],"wp:featuredmedia":[{"embeddable":true,"href":"https:\/\/zonaroja.com.mx\/index.php?rest_route=\/wp\/v2\/media\/27558"}],"wp:attachment":[{"href":"https:\/\/zonaroja.com.mx\/index.php?rest_route=%2Fwp%2Fv2%2Fmedia&parent=27557"}],"wp:term":[{"taxonomy":"category","embeddable":true,"href":"https:\/\/zonaroja.com.mx\/index.php?rest_route=%2Fwp%2Fv2%2Fcategories&post=27557"},{"taxonomy":"post_tag","embeddable":true,"href":"https:\/\/zonaroja.com.mx\/index.php?rest_route=%2Fwp%2Fv2%2Ftags&post=27557"}],"curies":[{"name":"wp","href":"https:\/\/api.w.org\/{rel}","templated":true}]}}