{"id":27560,"date":"2021-05-22T14:06:12","date_gmt":"2021-05-22T19:06:12","guid":{"rendered":"http:\/\/www.zonaroja.com.mx\/?p=27560"},"modified":"2021-05-22T14:06:15","modified_gmt":"2021-05-22T19:06:15","slug":"compromete-fraguas-regresar-el-programa-de-estancias-infantiles","status":"publish","type":"post","link":"https:\/\/zonaroja.com.mx\/?p=27560","title":{"rendered":"Compromete Fraguas regresar el Programa de Estancias Infantiles"},"content":{"rendered":"\n<p>Redacci\u00f3n\/Zona Roja.<\/p>\n\n\n\n<p>Oaxaca de Ju\u00e1rez, Oax., 22 de mayo de 2021.- Los candidatos a diputados federales por el distrito VIII, Jos\u00e9 Antonio Hern\u00e1ndez Fraguas y Mariana Nassar Pi\u00f1eyro, signaron una carta compromiso con las integrantes del Sistema Estatal de Educaci\u00f3n Inicial del Estado de Oaxaca, para que, a su llegada al Congreso federal, trabajen en un presupuesto que permita regresar el Programa de Estancias Infantiles y vuelva a operar como se ven\u00eda realizando hasta 2018.<\/p>\n\n\n\n<p>Los abanderados del PRI, PAN y PRD lamentaron la mala decisi\u00f3n del gobierno federal y de los diputados de Morena y del PT, quienes eliminaron este programa, el cual, de acuerdo con el Consejo Nacional de Evaluaci\u00f3n de la Pol\u00edtica de Desarrollo Social (Coneval), durante 2017 y 2018, el 94% de la poblaci\u00f3n beneficiaria mejor\u00f3 su calidad de vida y la de sus hijos, ya que les brind\u00f3 la posibilidad de contar con empleo, salud mental, salud f\u00edsica e ingresos monetarios.<\/p>\n\n\n\n<p>\u201cEl compromiso de los partidos que integran la coalici\u00f3n \u201cVa por M\u00e9xico\u201d siempre ha sido con la ni\u00f1ez, sabemos que falta mucho por hacer, nosotros hemos construido las bases para que las ni\u00f1as y ni\u00f1os tengan un mejor desarrollo\u201d, puntualizaron los candidatos.<\/p>\n\n\n\n<p>Jos\u00e9 Antonio Hern\u00e1ndez Fraguas cuestion\u00f3 el desempe\u00f1o de los diputados federales de Morena, quienes votaron por la cancelaci\u00f3n de este programa, afectando a 9 mil 566 estancias infantiles registradas, m\u00e1s de 329 mil 800 ni\u00f1os atendidos y a m\u00e1s de 313 mil padres, madres y tutores beneficiados.<\/p>\n\n\n\n<figure class=\"wp-block-embed-twitter wp-block-embed is-type-rich is-provider-twitter\"><div class=\"wp-block-embed__wrapper\">\n<div class=\"twitter-tweet\"><blockquote class=\"twitter-tweet\" data-lang=\"es\"><p lang=\"es\" dir=\"ltr\">Vamos a defender las <a href=\"https:\/\/twitter.com\/hashtag\/EstanciasInfantiles?src=hash&amp;ref_src=twsrc%5Etfw\">#EstanciasInfantiles<\/a>, por eso, este d\u00eda refrend\u00e9 mi compromiso con las ni\u00f1as y ni\u00f1os, firmando un compromiso que impulsar\u00e9 en <a href=\"https:\/\/twitter.com\/Mx_Diputados?ref_src=twsrc%5Etfw\">@Mx_Diputados<\/a>. <br><br>Nuestro triunfo del 6 de junio \u00a1va por la infancia de M\u00e9xico! <a href=\"https:\/\/t.co\/XDnnoEkbY6\">pic.twitter.com\/XDnnoEkbY6<\/a><\/p>&mdash; To\u00f1o Hern\u00e1ndez Fraguas (@JAHFraguas) <a href=\"https:\/\/twitter.com\/JAHFraguas\/status\/1395923694883512327?ref_src=twsrc%5Etfw\">22 de mayo de 2021<\/a><\/blockquote><\/div>\n<\/div><\/figure>\n\n\n\n<p>\u201cCuando el programa de Estancias Infantiles fue eliminado, en cadena nacional se anunci\u00f3 que el dinero se dar\u00eda \u201csupuestamente\u201d de manera directa a las madres, siendo sustituido por el programa \u2018Apoyo para el bienestar de las ni\u00f1as y ni\u00f1os, hijos de madres trabajadoras\u2019, el cual hasta el d\u00eda de hoy es un espejismo\u201d, indic\u00f3 el candidato.<\/p>\n\n\n\n<p>Una de las ex directoras de estancias infantiles, agradeci\u00f3 el compromiso de las y los candidatos del PRI, \u201cVamos a trabajar en conjunto, fuimos afectados grandemente, no solo nosotros como responsables sino tambi\u00e9n la ni\u00f1ez y los padres de familia, el ver a las mam\u00e1s sufrir por no poder pagar una mensualidad en una guarder\u00eda privada es impactante\u201d, dijo.<\/p>\n\n\n\n<p>Otra directora m\u00e1s, puntualiz\u00f3, \u201cUstedes son una luz de esperanza para nosotros, no se nos olvida lo que el L\u00f3pez Obrador nos dijo en la televisi\u00f3n, nos calumni\u00f3, critic\u00f3 y acus\u00f3 de no operar este programa debidamente\u201d.<\/p>\n\n\n\n<p>Cabe resaltar que durante esta actividad tambi\u00e9n estuvieron presentes, la candidata plurinominal a la diputaci\u00f3n local, Gabriela P\u00e9rez L\u00f3pez y la Secretaria General del Comit\u00e9 Directivo Estatal del PRI, Claudia Silva Fern\u00e1ndez, quienes se comprometieron, desde sus espacios, a trabajar en beneficio de la ni\u00f1ez y su desarrollo.<\/p>\n","protected":false},"excerpt":{"rendered":"<p>Redacci\u00f3n\/Zona Roja. Oaxaca de Ju\u00e1rez, Oax., 22 de mayo de 2021.- Los candidatos a diputados&hellip;<\/p>\n","protected":false},"author":2,"featured_media":27561,"comment_status":"closed","ping_status":"open","sticky":false,"template":"","format":"standard","meta":{"_lmt_disableupdate":"","_lmt_disable":"","_jetpack_memberships_contains_paid_content":false,"footnotes":""},"categories":[109,46],"tags":[2592],"class_list":["post-27560","post","type-post","status-publish","format-standard","has-post-thumbnail","hentry","category-minuto-a-minuto","category-zona-blanca","tag-jose-antonio-hernandez-fraguas"],"jetpack_featured_media_url":"https:\/\/zonaroja.com.mx\/wp-content\/uploads\/2021\/05\/Jose-Antonio-Hernandez-Fraguas.png","jetpack_sharing_enabled":true,"_links":{"self":[{"href":"https:\/\/zonaroja.com.mx\/index.php?rest_route=\/wp\/v2\/posts\/27560","targetHints":{"allow":["GET"]}}],"collection":[{"href":"https:\/\/zonaroja.com.mx\/index.php?rest_route=\/wp\/v2\/posts"}],"about":[{"href":"https:\/\/zonaroja.com.mx\/index.php?rest_route=\/wp\/v2\/types\/post"}],"author":[{"embeddable":true,"href":"https:\/\/zonaroja.com.mx\/index.php?rest_route=\/wp\/v2\/users\/2"}],"replies":[{"embeddable":true,"href":"https:\/\/zonaroja.com.mx\/index.php?rest_route=%2Fwp%2Fv2%2Fcomments&post=27560"}],"version-history":[{"count":1,"href":"https:\/\/zonaroja.com.mx\/index.php?rest_route=\/wp\/v2\/posts\/27560\/revisions"}],"predecessor-version":[{"id":27562,"href":"https:\/\/zonaroja.com.mx\/index.php?rest_route=\/wp\/v2\/posts\/27560\/revisions\/27562"}],"wp:featuredmedia":[{"embeddable":true,"href":"https:\/\/zonaroja.com.mx\/index.php?rest_route=\/wp\/v2\/media\/27561"}],"wp:attachment":[{"href":"https:\/\/zonaroja.com.mx\/index.php?rest_route=%2Fwp%2Fv2%2Fmedia&parent=27560"}],"wp:term":[{"taxonomy":"category","embeddable":true,"href":"https:\/\/zonaroja.com.mx\/index.php?rest_route=%2Fwp%2Fv2%2Fcategories&post=27560"},{"taxonomy":"post_tag","embeddable":true,"href":"https:\/\/zonaroja.com.mx\/index.php?rest_route=%2Fwp%2Fv2%2Ftags&post=27560"}],"curies":[{"name":"wp","href":"https:\/\/api.w.org\/{rel}","templated":true}]}}