{"id":27566,"date":"2021-05-22T15:21:13","date_gmt":"2021-05-22T20:21:13","guid":{"rendered":"http:\/\/www.zonaroja.com.mx\/?p=27566"},"modified":"2021-05-22T15:21:16","modified_gmt":"2021-05-22T20:21:16","slug":"registra-oaxaca-en-abril-baja-en-homicidios-pero-sube-en-secuestros","status":"publish","type":"post","link":"https:\/\/zonaroja.com.mx\/?p=27566","title":{"rendered":"Registra Oaxaca en abril baja en homicidios, pero sube en secuestros"},"content":{"rendered":"\n<p>Yuridiana Sosa\/Zona Roja.<\/p>\n\n\n\n<p>Oaxaca de Ju\u00e1rez, Oax., 22 de mayo de 2021.- La cifra de incidencia delictiva se redujo en Oaxaca durante el mes de abril, en comparaci\u00f3n a marzo de este a\u00f1o, con un promedio de hasta menos 10 por ciento, de acuerdo con el Centro Nacional de Informaci\u00f3n del Secretariado Ejecutivo del Sistema Nacional de Seguridad P\u00fablica.<\/p>\n\n\n\n<p>El reporte reciente con corte al 30 de abril, con base a la ocurrencia de delitos registrados en averiguaciones previas iniciadas o carpetas de investigaci\u00f3n de la Fiscal\u00eda General, indic\u00f3 que Oaxaca es la cuarta entidad con el \u00edndice m\u00e1s bajo de hechos delictivos al contabilizar un total de tres mil 475 hechos, contra tres mil 861 del mes de marzo.<\/p>\n\n\n\n<p>Pero en comparaci\u00f3n con abril de 2020, signific\u00f3 un incremento del 28.4 por ciento, al registrarse hace un a\u00f1o un total de dos mil 707 delitos. A\u00fan as\u00ed, se col\u00f3 en el sexto lugar con menos incremento de actos respecto al a\u00f1o pasado.<\/p>\n\n\n\n<p>Por el delito de homicidios dolosos, Oaxaca report\u00f3 en el informe Incidencia Delictiva de Fuero Com\u00fan, un total de 71 muertes, cifra menor que en marzo de este a\u00f1o y que abril del 2020.<\/p>\n\n\n\n<p>De acuerdo con el Secretariado Ejecutivo Nacional, las cifras del cuarto mes del 2021 representan menos 13.4 por ciento que en marzo de 2021 y menos 23.7 por ciento que en abril de 2020, lo que coloca a Oaxaca como la octava entidad con mayores reducciones.<\/p>\n\n\n\n<p>A nivel nacional la incidencia delictiva tambi\u00e9n baj\u00f3 en abril comparado con marzo en un 4.7 por ciento, pero subi\u00f3 en 45.6 por ciento en comparaci\u00f3n a abril de 2020.<\/p>\n\n\n\n<p>M\u00c1S SECUESTROS<\/p>\n\n\n\n<p>Contrario a las cifras favorables a nivel global para Oaxaca, y en reducci\u00f3n de homicidios dolosos, el delito de secuestro tuvo un repunte al pasar de cero casos en marzo a tres en abril, acumulando un total de siete casos en 2021.<\/p>\n\n\n\n<p>Los feminicidios se redujeron a un caso en comparaci\u00f3n a siete reportados en marzo, con lo que en 2021 Oaxaca acumula 11 muertes por raz\u00f3n de g\u00e9nero.<\/p>\n\n\n\n<p>Los delitos contra la libertad sexual tambi\u00e9n disminuyeron, pasaron de 211 denuncias a 140 entre marzo y abril de este a\u00f1o. Pero en comparaci\u00f3n a abril de 2020, representan un aumento, pues el a\u00f1o pasado se reportaron 88 casos.<\/p>\n","protected":false},"excerpt":{"rendered":"<p>Yuridiana Sosa\/Zona Roja. Oaxaca de Ju\u00e1rez, Oax., 22 de mayo de 2021.- La cifra de&hellip;<\/p>\n","protected":false},"author":2,"featured_media":15282,"comment_status":"closed","ping_status":"open","sticky":false,"template":"","format":"standard","meta":{"_lmt_disableupdate":"","_lmt_disable":"","_jetpack_memberships_contains_paid_content":false,"footnotes":""},"categories":[109,47],"tags":[174],"class_list":["post-27566","post","type-post","status-publish","format-standard","has-post-thumbnail","hentry","category-minuto-a-minuto","category-zona-gris","tag-secretariado-ejecutivo-del-sistema-nacional-de-seguridad-publica"],"jetpack_featured_media_url":"https:\/\/zonaroja.com.mx\/wp-content\/uploads\/2020\/07\/Homicidios-asesinatos.png","jetpack_sharing_enabled":true,"_links":{"self":[{"href":"https:\/\/zonaroja.com.mx\/index.php?rest_route=\/wp\/v2\/posts\/27566","targetHints":{"allow":["GET"]}}],"collection":[{"href":"https:\/\/zonaroja.com.mx\/index.php?rest_route=\/wp\/v2\/posts"}],"about":[{"href":"https:\/\/zonaroja.com.mx\/index.php?rest_route=\/wp\/v2\/types\/post"}],"author":[{"embeddable":true,"href":"https:\/\/zonaroja.com.mx\/index.php?rest_route=\/wp\/v2\/users\/2"}],"replies":[{"embeddable":true,"href":"https:\/\/zonaroja.com.mx\/index.php?rest_route=%2Fwp%2Fv2%2Fcomments&post=27566"}],"version-history":[{"count":1,"href":"https:\/\/zonaroja.com.mx\/index.php?rest_route=\/wp\/v2\/posts\/27566\/revisions"}],"predecessor-version":[{"id":27567,"href":"https:\/\/zonaroja.com.mx\/index.php?rest_route=\/wp\/v2\/posts\/27566\/revisions\/27567"}],"wp:featuredmedia":[{"embeddable":true,"href":"https:\/\/zonaroja.com.mx\/index.php?rest_route=\/wp\/v2\/media\/15282"}],"wp:attachment":[{"href":"https:\/\/zonaroja.com.mx\/index.php?rest_route=%2Fwp%2Fv2%2Fmedia&parent=27566"}],"wp:term":[{"taxonomy":"category","embeddable":true,"href":"https:\/\/zonaroja.com.mx\/index.php?rest_route=%2Fwp%2Fv2%2Fcategories&post=27566"},{"taxonomy":"post_tag","embeddable":true,"href":"https:\/\/zonaroja.com.mx\/index.php?rest_route=%2Fwp%2Fv2%2Ftags&post=27566"}],"curies":[{"name":"wp","href":"https:\/\/api.w.org\/{rel}","templated":true}]}}