{"id":27568,"date":"2021-05-22T15:27:23","date_gmt":"2021-05-22T20:27:23","guid":{"rendered":"http:\/\/www.zonaroja.com.mx\/?p=27568"},"modified":"2021-05-22T15:27:26","modified_gmt":"2021-05-22T20:27:26","slug":"canacintra-oaxaca-exige-garantias-de-seguridad-para-trabajar","status":"publish","type":"post","link":"https:\/\/zonaroja.com.mx\/?p=27568","title":{"rendered":"Canacintra Oaxaca exige garant\u00edas de seguridad para trabajar"},"content":{"rendered":"\n<p>Yuridiana Sosa\/Zona Roja.<\/p>\n\n\n\n<p>Oaxaca de Ju\u00e1rez, Oax., 22 de mayo de 2021.- La C\u00e1mara Nacional de la Industria de Transformaci\u00f3n (Canacintra) en Oaxaca, exigi\u00f3 al Gobierno del Estado garant\u00edas de seguridad para laborar, luego que los estudiantes normalistas causaron graves da\u00f1os y afectaciones a las empresas, durante la marcha del pasado jueves.<\/p>\n\n\n\n<p>Los afiliados en la entidad se posicionaron para condenar que en Oaxaca \u201clo que m\u00e1s lastima a todos es el pacto de impunidad que ha existido durante a\u00f1os. El uso discrecional de la ley; la negaci\u00f3n de derechos para unos y la falta de obligaciones para otros\u201d.<\/p>\n\n\n\n<p>Por medio de un comunicado, asever\u00f3 que en la entidad no puede haber progreso sostenido ni futuro promisorio ni transformaci\u00f3n social si no hay garant\u00edas para todos.<\/p>\n\n\n\n<p>La Canacintra record\u00f3 que durante varios a\u00f1os los empresarios han resistido trabajando en la recuperaci\u00f3n econ\u00f3mica del estado en distintos momentos cruciales, soportando las secuelas de terremotos, huracanes, inundaciones, conflictos sociales y problemas financieros del pa\u00eds y en lo m\u00e1s reciente, ante la pandemia de Covid-19.<\/p>\n\n\n\n<p>Por lo que para ellos, resulta inaceptable que los actos vand\u00e1licos contra los centros de trabajo para los oaxaque\u00f1os sean una v\u00eda para que los distintos grupos sociales hagan escuchar su voz.<\/p>\n\n\n\n<p>\u201cNo pedimos privilegios, no promovemos el uso de la fuerza, no calificamos las demandas de los grupos o manifestantes; reclamamos nuestro leg\u00edtimo derecho a trabajar sin zozobra\u201d, cit\u00f3.<\/p>\n\n\n\n<p>Por lo que sostuvo su exigencia de garant\u00edas de seguridad p\u00fablica para trabajar, aplicaci\u00f3n del estado de derecho y terminar con la inexplicable de impunidad, privilegios y sobreprotecci\u00f3n a quienes usan la destrucci\u00f3n y la amenaza para conseguir sus beneficios.<\/p>\n","protected":false},"excerpt":{"rendered":"<p>Yuridiana Sosa\/Zona Roja. Oaxaca de Ju\u00e1rez, Oax., 22 de mayo de 2021.- La C\u00e1mara Nacional&hellip;<\/p>\n","protected":false},"author":2,"featured_media":27569,"comment_status":"closed","ping_status":"open","sticky":false,"template":"","format":"standard","meta":{"_lmt_disableupdate":"","_lmt_disable":"","_jetpack_memberships_contains_paid_content":false,"footnotes":""},"categories":[109,47],"tags":[2694],"class_list":["post-27568","post","type-post","status-publish","format-standard","has-post-thumbnail","hentry","category-minuto-a-minuto","category-zona-gris","tag-canacintra-oaxaca"],"jetpack_featured_media_url":"https:\/\/zonaroja.com.mx\/wp-content\/uploads\/2021\/05\/Vandalismo-normalistas.jpg","jetpack_sharing_enabled":true,"_links":{"self":[{"href":"https:\/\/zonaroja.com.mx\/index.php?rest_route=\/wp\/v2\/posts\/27568","targetHints":{"allow":["GET"]}}],"collection":[{"href":"https:\/\/zonaroja.com.mx\/index.php?rest_route=\/wp\/v2\/posts"}],"about":[{"href":"https:\/\/zonaroja.com.mx\/index.php?rest_route=\/wp\/v2\/types\/post"}],"author":[{"embeddable":true,"href":"https:\/\/zonaroja.com.mx\/index.php?rest_route=\/wp\/v2\/users\/2"}],"replies":[{"embeddable":true,"href":"https:\/\/zonaroja.com.mx\/index.php?rest_route=%2Fwp%2Fv2%2Fcomments&post=27568"}],"version-history":[{"count":1,"href":"https:\/\/zonaroja.com.mx\/index.php?rest_route=\/wp\/v2\/posts\/27568\/revisions"}],"predecessor-version":[{"id":27570,"href":"https:\/\/zonaroja.com.mx\/index.php?rest_route=\/wp\/v2\/posts\/27568\/revisions\/27570"}],"wp:featuredmedia":[{"embeddable":true,"href":"https:\/\/zonaroja.com.mx\/index.php?rest_route=\/wp\/v2\/media\/27569"}],"wp:attachment":[{"href":"https:\/\/zonaroja.com.mx\/index.php?rest_route=%2Fwp%2Fv2%2Fmedia&parent=27568"}],"wp:term":[{"taxonomy":"category","embeddable":true,"href":"https:\/\/zonaroja.com.mx\/index.php?rest_route=%2Fwp%2Fv2%2Fcategories&post=27568"},{"taxonomy":"post_tag","embeddable":true,"href":"https:\/\/zonaroja.com.mx\/index.php?rest_route=%2Fwp%2Fv2%2Ftags&post=27568"}],"curies":[{"name":"wp","href":"https:\/\/api.w.org\/{rel}","templated":true}]}}