{"id":27571,"date":"2021-05-22T17:40:13","date_gmt":"2021-05-22T22:40:13","guid":{"rendered":"http:\/\/www.zonaroja.com.mx\/?p=27571"},"modified":"2021-05-22T17:40:18","modified_gmt":"2021-05-22T22:40:18","slug":"confirma-teeo-que-alcandesa-morenista-yolanda-santos-no-podra-reelegirse","status":"publish","type":"post","link":"https:\/\/zonaroja.com.mx\/?p=27571","title":{"rendered":"Confirma TEEO que alcandesa morenista Yolanda Santos no podr\u00e1 reelegirse"},"content":{"rendered":"\n<p>Redacci\u00f3n\/Zona Roja.<\/p>\n\n\n\n<p>Oaxaca de Ju\u00e1rez, Oax., a 22 de mayo de 2021.- En sesi\u00f3n p\u00fablica realizada mediante videoconferencia, el pleno del Tribunal Electoral del Estado de Oaxaca (TEEO) confirm\u00f3 el acuerdo del Instituto Estatal Electoral y de Participaci\u00f3n Ciudadana de Oaxaca con n\u00famero IEEPCO-CGT-57\/2021, mediante el cual neg\u00f3 el registro de Yolanda Adelaida Santos Monta\u00f1o, como candidata a presidenta municipal por Morena en el municipio de San Jacinto Amilpas.<\/p>\n\n\n\n<p>Por unanimidad, la magistrada y los magistrados argumentaron, en el juicio ciudadano identificado con la clave JDC\/158\/2021, que la actora tiene en su contra tres sentencias condenatorias por haber cometido violencia pol\u00edtica en raz\u00f3n de g\u00e9nero, que no ha acatado en su totalidad, y que los aspectos a los que ha dado cumplimiento solo han sido por lo m\u00faltiples medios de apremio impuestos, y no por voluntad propia.<\/p>\n\n\n\n<p>En consecuencia, el \u00f3rgano jurisdiccional consider\u00f3 que Santos Monta\u00f1o tiene por desvirtuada la presunci\u00f3n de contar con un modo honesto de vivir.<\/p>\n\n\n\n<p>Como obra en autos de los expedientes JDC\/142\/2017 y acumulados, se advierte que la actora, en su calidad de autoridad responsable en aquellos medios de impugnaci\u00f3n, a pesar de los m\u00faltiples requerimientos realizados por el Tribunal, no acredit\u00f3 haber cumplido con las sentencias dictadas en los expedientes: JDC\/138\/2019 y acumulados, JDC\/28\/2020 y JDC\/38\/2020; JDC\/68\/202 y JDC\/90\/2020; juicios en los que se confirm\u00f3 la violencia pol\u00edtica en raz\u00f3n de g\u00e9nero.<\/p>\n\n\n\n<p>En el estudio de estos juicios se indic\u00f3 que, ante el desacato de Santos Monta\u00f1o, se vincul\u00f3 a la Secretar\u00eda de Finanzas del Gobierno del Estado para dar cumplimiento a las referidas sentencias en cuanto hace a los pagos retenidos a las afectadas; sin embargo, a la fecha, no se ha restaurado a estas personas en el ejercicio del cargo, tampoco se ha llevado a cabo la disculpa p\u00fablica ordenada.<\/p>\n\n\n\n<p>En esta sesi\u00f3n, el pleno resolvi\u00f3, en total, 24 medios impugnativos; entre los que se encuentran los expedientes JDC\/161\/2021 y RA\/26\/2021, mediante los cuales se orden\u00f3 al IEEPCO registre, de no haber impedimentos diversos a los estudiados, a los ciudadanos Isa\u00edas No\u00e9 Cruz Ramos y Adri\u00e1n P\u00e9rez Rojas, como candidatos a presidentes municipales en San Francisco Telixtlahuaca y Santa Luc\u00eda del Camino, respectivamente. Este \u00faltimo a trav\u00e9s del partido pol\u00edtico Fuerza por M\u00e9xico.<\/p>\n","protected":false},"excerpt":{"rendered":"<p>Redacci\u00f3n\/Zona Roja. Oaxaca de Ju\u00e1rez, Oax., a 22 de mayo de 2021.- En sesi\u00f3n p\u00fablica&hellip;<\/p>\n","protected":false},"author":2,"featured_media":20891,"comment_status":"closed","ping_status":"open","sticky":false,"template":"","format":"standard","meta":{"_lmt_disableupdate":"","_lmt_disable":"","_jetpack_memberships_contains_paid_content":false,"footnotes":""},"categories":[109,47],"tags":[366],"class_list":["post-27571","post","type-post","status-publish","format-standard","has-post-thumbnail","hentry","category-minuto-a-minuto","category-zona-gris","tag-yolanda-santos-san-jacinto-amilpas"],"jetpack_featured_media_url":"https:\/\/zonaroja.com.mx\/wp-content\/uploads\/2020\/12\/Yolanda-Santos-Montano.jpg","jetpack_sharing_enabled":true,"_links":{"self":[{"href":"https:\/\/zonaroja.com.mx\/index.php?rest_route=\/wp\/v2\/posts\/27571","targetHints":{"allow":["GET"]}}],"collection":[{"href":"https:\/\/zonaroja.com.mx\/index.php?rest_route=\/wp\/v2\/posts"}],"about":[{"href":"https:\/\/zonaroja.com.mx\/index.php?rest_route=\/wp\/v2\/types\/post"}],"author":[{"embeddable":true,"href":"https:\/\/zonaroja.com.mx\/index.php?rest_route=\/wp\/v2\/users\/2"}],"replies":[{"embeddable":true,"href":"https:\/\/zonaroja.com.mx\/index.php?rest_route=%2Fwp%2Fv2%2Fcomments&post=27571"}],"version-history":[{"count":1,"href":"https:\/\/zonaroja.com.mx\/index.php?rest_route=\/wp\/v2\/posts\/27571\/revisions"}],"predecessor-version":[{"id":27572,"href":"https:\/\/zonaroja.com.mx\/index.php?rest_route=\/wp\/v2\/posts\/27571\/revisions\/27572"}],"wp:featuredmedia":[{"embeddable":true,"href":"https:\/\/zonaroja.com.mx\/index.php?rest_route=\/wp\/v2\/media\/20891"}],"wp:attachment":[{"href":"https:\/\/zonaroja.com.mx\/index.php?rest_route=%2Fwp%2Fv2%2Fmedia&parent=27571"}],"wp:term":[{"taxonomy":"category","embeddable":true,"href":"https:\/\/zonaroja.com.mx\/index.php?rest_route=%2Fwp%2Fv2%2Fcategories&post=27571"},{"taxonomy":"post_tag","embeddable":true,"href":"https:\/\/zonaroja.com.mx\/index.php?rest_route=%2Fwp%2Fv2%2Ftags&post=27571"}],"curies":[{"name":"wp","href":"https:\/\/api.w.org\/{rel}","templated":true}]}}