{"id":27573,"date":"2021-05-22T20:22:54","date_gmt":"2021-05-23T01:22:54","guid":{"rendered":"http:\/\/www.zonaroja.com.mx\/?p=27573"},"modified":"2021-05-22T21:08:13","modified_gmt":"2021-05-23T02:08:13","slug":"teeo-acredita-de-nuevo-actos-anticipados-de-campana-de-jesus-romero","status":"publish","type":"post","link":"https:\/\/zonaroja.com.mx\/?p=27573","title":{"rendered":"TEEO acredita de nuevo actos anticipados de campa\u00f1a de Jes\u00fas Romero"},"content":{"rendered":"\n<p>Yuridiana Sosa\/Zona Roja.<\/p>\n\n\n\n<p>Oaxaca de Ju\u00e1rez, Oax., 22 de mayo de 2021.- El Tribunal Electoral del Estado de Oaxaca (TEEO) aval\u00f3 actos anticipados de campa\u00f1a por parte de Jes\u00fas Romero L\u00f3pez y le aplic\u00f3 una sanci\u00f3n econ\u00f3mica.<\/p>\n\n\n\n<p>Al resolver el expediente PES\/ 59\/2021 de Morena, el \u00e1rbitro electoral acredit\u00f3 la falta cometida por el aspirante a la candidatura a la presidencia de Oaxaca de Ju\u00e1rez, pero adem\u00e1s resolvi\u00f3 que, ante una conducta reincidente, al haber sido sancionado por actos similares meses antes, imponer una multa de 50 Unidades de Medida y Actualizaci\u00f3n.<\/p>\n\n\n\n<p>En esa misma resoluci\u00f3n se precis\u00f3 que los actos denunciados contra Salom\u00f3n Jara Cruz sobre el llamado al voto a favor de Romero L\u00f3pez o de alg\u00fan otro actor pol\u00edtico en su cuentan de Twitter, resolvi\u00f3 la inexistencia de las infracciones atribuidas.<\/p>\n\n\n\n<p>En enero de este a\u00f1o, Jes\u00fas Romero tambi\u00e9n fue se\u00f1alado de cometer actos anticipados de campa\u00f1a, por parte del Instituto Estatal Electoral y de Participaci\u00f3n Ciudadana de Oaxaca (IEEPCO).<\/p>\n\n\n\n<p>En ese entonces se destac\u00f3 c\u00f3mo actos anticipados de campa\u00f1a su acci\u00f3n de colocar propaganda de su imagen con fines electorales por medio de espectaculares y autobuses urbanos, en la capital del estado.<\/p>\n\n\n\n<p>OTRO ACUERDOS<\/p>\n\n\n\n<p>El TEEO tambi\u00e9n confirm\u00f3 el acuerdo IEEPCO-CG-45\/2021 por el que se registra de forma supletoria las candidaturas a diputaciones por el principio de mayor\u00eda relativa postuladas por los partidos pol\u00edticos y candidaturas comunes.<\/p>\n\n\n\n<p>Respecto a la candidatura de Francisco Ni\u00f1o Hern\u00e1ndez, para el distrito local III, de Loma Bonita, por partido Morena, el Tribunal indic\u00f3 que sobreseyeron el recurso de impugnaci\u00f3n debido a que el 9 de mayo pasado el pleno de este Tribunal resolvi\u00f3 el juicio ciudadano JDC\/134\/2021 en el que se determin\u00f3 revocar el referido acuerdo en lo que fue materia de impugnaci\u00f3n y negar el registro de dicho ciudadano como candidato a diputado local.<\/p>\n\n\n\n<p>En tanto, las candidaturas de Delfina Elizabeth Guzm\u00e1n D\u00edaz, para la diputaci\u00f3n local del Distrito XXII con cabecera en Santiago Pinotepa Nacional por el partido Morena, y de Yarit Tannos Cruz como candidata a diputada local en el Distrito XI, con cabecera en Mat\u00edas Romero, por la coalici\u00f3n \u201cVa por Oaxaca\u201d, se aprobaron con el requisito cumplido de la auto descripci\u00f3n como ind\u00edgenas, lo cual qued\u00f3 demostrado.<\/p>\n","protected":false},"excerpt":{"rendered":"<p>Yuridiana Sosa\/Zona Roja. Oaxaca de Ju\u00e1rez, Oax., 22 de mayo de 2021.- El Tribunal Electoral&hellip;<\/p>\n","protected":false},"author":2,"featured_media":23803,"comment_status":"closed","ping_status":"open","sticky":false,"template":"","format":"standard","meta":{"_lmt_disableupdate":"","_lmt_disable":"","_jetpack_memberships_contains_paid_content":false,"footnotes":""},"categories":[109,47],"tags":[891],"class_list":["post-27573","post","type-post","status-publish","format-standard","has-post-thumbnail","hentry","category-minuto-a-minuto","category-zona-gris","tag-jesus-romero-lopez"],"jetpack_featured_media_url":"https:\/\/zonaroja.com.mx\/wp-content\/uploads\/2021\/02\/Jesus-Romero-Lopez-2.jpg","jetpack_sharing_enabled":true,"_links":{"self":[{"href":"https:\/\/zonaroja.com.mx\/index.php?rest_route=\/wp\/v2\/posts\/27573","targetHints":{"allow":["GET"]}}],"collection":[{"href":"https:\/\/zonaroja.com.mx\/index.php?rest_route=\/wp\/v2\/posts"}],"about":[{"href":"https:\/\/zonaroja.com.mx\/index.php?rest_route=\/wp\/v2\/types\/post"}],"author":[{"embeddable":true,"href":"https:\/\/zonaroja.com.mx\/index.php?rest_route=\/wp\/v2\/users\/2"}],"replies":[{"embeddable":true,"href":"https:\/\/zonaroja.com.mx\/index.php?rest_route=%2Fwp%2Fv2%2Fcomments&post=27573"}],"version-history":[{"count":2,"href":"https:\/\/zonaroja.com.mx\/index.php?rest_route=\/wp\/v2\/posts\/27573\/revisions"}],"predecessor-version":[{"id":27579,"href":"https:\/\/zonaroja.com.mx\/index.php?rest_route=\/wp\/v2\/posts\/27573\/revisions\/27579"}],"wp:featuredmedia":[{"embeddable":true,"href":"https:\/\/zonaroja.com.mx\/index.php?rest_route=\/wp\/v2\/media\/23803"}],"wp:attachment":[{"href":"https:\/\/zonaroja.com.mx\/index.php?rest_route=%2Fwp%2Fv2%2Fmedia&parent=27573"}],"wp:term":[{"taxonomy":"category","embeddable":true,"href":"https:\/\/zonaroja.com.mx\/index.php?rest_route=%2Fwp%2Fv2%2Fcategories&post=27573"},{"taxonomy":"post_tag","embeddable":true,"href":"https:\/\/zonaroja.com.mx\/index.php?rest_route=%2Fwp%2Fv2%2Ftags&post=27573"}],"curies":[{"name":"wp","href":"https:\/\/api.w.org\/{rel}","templated":true}]}}