{"id":27581,"date":"2021-05-23T07:16:56","date_gmt":"2021-05-23T12:16:56","guid":{"rendered":"http:\/\/www.zonaroja.com.mx\/?p=27581"},"modified":"2021-05-23T07:16:58","modified_gmt":"2021-05-23T12:16:58","slug":"sentencian-a-28-anos-de-prision-a-lider-de-los-zetas-en-oaxaca","status":"publish","type":"post","link":"https:\/\/zonaroja.com.mx\/?p=27581","title":{"rendered":"Sentencian a 28 a\u00f1os de prisi\u00f3n a l\u00edder de \u201cLos Zetas\u201d en Oaxaca"},"content":{"rendered":"\n<p>Redacci\u00f3n\/Zona Roja.<\/p>\n\n\n\n<p>Oaxaca de Ju\u00e1rez, Oax., 23 de mayo de 2021.- La Fiscal\u00eda General de la Rep\u00fablica (FGR) inform\u00f3 que, a trav\u00e9s de la Subprocuradur\u00eda de Control Regional, Procedimientos Penales y Amparo en su Delegaci\u00f3n de Oaxaca, obtuvo sentencia condenatoria de 28 a\u00f1os de prisi\u00f3n, en contra de una persona, por el delito de delincuencia organizada, relacionado con los diversos de contra la salud y secuestro.<\/p>\n\n\n\n<p>Se trata de Marcial Garay, alias \u201cEl Puma\u201d, presunto integrante del c\u00e1rtel de \u201cLos Zetas\u201d, quien operaba en territorio estatal.<\/p>\n\n\n\n<p>Mediante el comunicado FGR 184\/21, la FGR detall\u00f3 que qued\u00f3 plenamente demostrado que dicho individuo formaba parte de la delincuencia organizada y ejecut\u00f3 el secuestro de una mujer, quien presuntamente pertenec\u00eda y vend\u00eda droga de un grupo delincuencial contrario, mismo que ten\u00eda como actividad principal vender y distribuir drogas en el estado.<\/p>\n\n\n\n<p>Indic\u00f3 que aport\u00f3 las pruebas necesarias al Juez de la causa, para demostrar plenamente la responsabilidad del ahora sentenciado y as\u00ed se dictara la sentencia mencionada.<\/p>\n\n\n\n<p>No precis\u00f3 la fecha en que fue detenido ni el lugar.<\/p>\n","protected":false},"excerpt":{"rendered":"<p>Redacci\u00f3n\/Zona Roja. Oaxaca de Ju\u00e1rez, Oax., 23 de mayo de 2021.- La Fiscal\u00eda General de&hellip;<\/p>\n","protected":false},"author":2,"featured_media":7280,"comment_status":"closed","ping_status":"open","sticky":false,"template":"","format":"standard","meta":{"_lmt_disableupdate":"","_lmt_disable":"","_jetpack_memberships_contains_paid_content":false,"footnotes":""},"categories":[109,47],"tags":[2114],"class_list":["post-27581","post","type-post","status-publish","format-standard","has-post-thumbnail","hentry","category-minuto-a-minuto","category-zona-gris","tag-fiscalia-general-de-la-republica-fgr"],"jetpack_featured_media_url":"https:\/\/zonaroja.com.mx\/wp-content\/uploads\/2020\/01\/prisi\u00f3n.jpg","jetpack_sharing_enabled":true,"_links":{"self":[{"href":"https:\/\/zonaroja.com.mx\/index.php?rest_route=\/wp\/v2\/posts\/27581","targetHints":{"allow":["GET"]}}],"collection":[{"href":"https:\/\/zonaroja.com.mx\/index.php?rest_route=\/wp\/v2\/posts"}],"about":[{"href":"https:\/\/zonaroja.com.mx\/index.php?rest_route=\/wp\/v2\/types\/post"}],"author":[{"embeddable":true,"href":"https:\/\/zonaroja.com.mx\/index.php?rest_route=\/wp\/v2\/users\/2"}],"replies":[{"embeddable":true,"href":"https:\/\/zonaroja.com.mx\/index.php?rest_route=%2Fwp%2Fv2%2Fcomments&post=27581"}],"version-history":[{"count":1,"href":"https:\/\/zonaroja.com.mx\/index.php?rest_route=\/wp\/v2\/posts\/27581\/revisions"}],"predecessor-version":[{"id":27582,"href":"https:\/\/zonaroja.com.mx\/index.php?rest_route=\/wp\/v2\/posts\/27581\/revisions\/27582"}],"wp:featuredmedia":[{"embeddable":true,"href":"https:\/\/zonaroja.com.mx\/index.php?rest_route=\/wp\/v2\/media\/7280"}],"wp:attachment":[{"href":"https:\/\/zonaroja.com.mx\/index.php?rest_route=%2Fwp%2Fv2%2Fmedia&parent=27581"}],"wp:term":[{"taxonomy":"category","embeddable":true,"href":"https:\/\/zonaroja.com.mx\/index.php?rest_route=%2Fwp%2Fv2%2Fcategories&post=27581"},{"taxonomy":"post_tag","embeddable":true,"href":"https:\/\/zonaroja.com.mx\/index.php?rest_route=%2Fwp%2Fv2%2Ftags&post=27581"}],"curies":[{"name":"wp","href":"https:\/\/api.w.org\/{rel}","templated":true}]}}