{"id":27586,"date":"2021-05-23T07:35:58","date_gmt":"2021-05-23T12:35:58","guid":{"rendered":"http:\/\/www.zonaroja.com.mx\/?p=27586"},"modified":"2021-05-23T07:39:21","modified_gmt":"2021-05-23T12:39:21","slug":"universitarios-reconocen-y-se-unen-al-candidato-javier-villacana","status":"publish","type":"post","link":"https:\/\/zonaroja.com.mx\/?p=27586","title":{"rendered":"Universitarios reconocen y se unen al candidato Javier Villaca\u00f1a"},"content":{"rendered":"\n<p>Redacci\u00f3n\/Zona Roja.<\/p>\n\n\n\n<p>Oaxaca de Ju\u00e1rez, Oax., 23 de mayo del 2021.- Convocado por la Alianza Universitaria de Maestros y Alumnos de la Universidad Aut\u00f3noma \u201cBenito Ju\u00e1rez\u201d de Oaxaca (UABJO), el candidato com\u00fan del PAN, PRI y PRD a presidente municipal, Javier Villaca\u00f1a Jim\u00e9nez, particip\u00f3 en el conversatorio J\u00f3venes, Pol\u00edtica, Valores e Inclusi\u00f3n, donde reconoci\u00f3 la capacidad, responsabilidad y talento de este sector para construir una sociedad justa y en equilibrio.<\/p>\n\n\n\n<p>En este marco, el abanderado de \u201cVa por Oaxaca\u201d a la Presidencia Municipal capitalina enumer\u00f3 sus cuatro compromisos con los j\u00f3venes: creaci\u00f3n de la Secretaria de la Juventud, el Instituto contra las adicciones y la oficina de apoyo al emprendimiento juvenil, adem\u00e1s de la conformaci\u00f3n de una agenda que fomente la cultura y expresiones urbanas.<\/p>\n\n\n\n<p>Frente a m\u00e1s de 300 participantes del conversatorio universitario, el candidato de los partidos Acci\u00f3n Nacional, Revolucionario Institucional y de la Revoluci\u00f3n Democr\u00e1tica respondi\u00f3 cada uno de los cuestionamientos que los integrantes de la Alianza Universitaria de Maestros y Alumnos ( AUMA ) le formularon.<\/p>\n\n\n\n<figure class=\"wp-block-embed-twitter wp-block-embed is-type-rich is-provider-twitter\"><div class=\"wp-block-embed__wrapper\">\n<div class=\"twitter-tweet\"><blockquote class=\"twitter-tweet\" data-lang=\"es\"><p lang=\"es\" dir=\"ltr\">Agradezco al Grupo Expresi\u00f3n Universitaria de la UABJO, por darnos su confianza y respaldo; no vamos a fallarles y vamos a demostrar que nuestra campa\u00f1a es de hechos y no de promesas vac\u00edas; en unidad, vamos a recuperar la grandeza de nuestro municipio. <a href=\"https:\/\/twitter.com\/hashtag\/VaPorOaxacaDeJu%C3%A1rez?src=hash&amp;ref_src=twsrc%5Etfw\">#VaPorOaxacaDeJu\u00e1rez<\/a> <a href=\"https:\/\/t.co\/DbeN8dl0ZO\">pic.twitter.com\/DbeN8dl0ZO<\/a><\/p>&mdash; Javier Villaca\u00f1a (@JavierVillacana) <a href=\"https:\/\/twitter.com\/JavierVillacana\/status\/1396269870153666563?ref_src=twsrc%5Etfw\">23 de mayo de 2021<\/a><\/blockquote><\/div>\n<\/div><\/figure>\n\n\n\n<p>Al final del evento, el candidato com\u00fan de \u201cVa por Oaxaca\u201d, Javier Villaca\u00f1a Jim\u00e9nez, recibi\u00f3 un reconocimiento por parte de los organizadores del conversatorio.<\/p>\n\n\n\n<p>Posteriormente, en la sede del Partido Acci\u00f3n Nacional (PAN), este s\u00e1bado Villaca\u00f1a Jim\u00e9nez recibi\u00f3 todo el respaldo de j\u00f3venes del Grupo de Expresi\u00f3n Universitaria de la UABJO.<\/p>\n\n\n\n<p>\u201cAgradezco al Grupo por darnos su confianza y respaldo; no vamos a fallarles y vamos a demostrar que nuestra campa\u00f1a es de hechos y no de promesas vac\u00edas; en unidad, vamos a recuperar la grandeza de nuestro municipio\u201d, dijo Villaca\u00f1a, al lado del representante del PAN, Juan Iv\u00e1n Mendoza Reyes.<\/p>\n\n\n\n<figure class=\"wp-block-embed-twitter wp-block-embed is-type-rich is-provider-twitter\"><div class=\"wp-block-embed__wrapper\">\n<div class=\"twitter-tweet\"><blockquote class=\"twitter-tweet\" data-lang=\"es\"><p lang=\"es\" dir=\"ltr\">Sin duda, la juventud oaxaque\u00f1a es un sector fundamental para hacer realidad la recuperaci\u00f3n y despunte de <a href=\"https:\/\/twitter.com\/hashtag\/OaxacaDeJu%C3%A1rez?src=hash&amp;ref_src=twsrc%5Etfw\">#OaxacaDeJu\u00e1rez<\/a>; este d\u00eda ante l\u00edderes juveniles, reiteramos nuestro compromiso de impulsar acciones que permitan fomentar su desarrollo. \u00a1Gracias por su respaldo! <a href=\"https:\/\/twitter.com\/hashtag\/VaPorTi?src=hash&amp;ref_src=twsrc%5Etfw\">#VaPorTi<\/a> <a href=\"https:\/\/t.co\/eo46aFMe3y\">pic.twitter.com\/eo46aFMe3y<\/a><\/p>&mdash; Javier Villaca\u00f1a (@JavierVillacana) <a href=\"https:\/\/twitter.com\/JavierVillacana\/status\/1396298690172686336?ref_src=twsrc%5Etfw\">23 de mayo de 2021<\/a><\/blockquote><\/div>\n<\/div><\/figure>\n\n\n\n<p>APOYO A ADULTOS MAYORES<\/p>\n\n\n\n<p>Por otro lado, como parte de su agenda pol\u00edtica, el candidato com\u00fan a la presidencia municipal de Oaxaca de Ju\u00e1rez, Javier Villaca\u00f1a Jim\u00e9nez asumi\u00f3 el compromiso de promover una cultura y espacios de inclusi\u00f3n,&nbsp; asegurar la movilidad e implementar acciones afirmativas en favor de las personas con discapacidad.<\/p>\n\n\n\n<p>Durante un evento protocolario, acompa\u00f1ados de integrantes de la planilla, el aspirante del PRI, PAN y PRD garantiz\u00f3 un gobierno que promueva el respeto hacia hombres y mujeres de este sector, dando soluciones a sus problem\u00e1ticas, que por a\u00f1os han sido discriminados o ignorados.<\/p>\n\n\n\n<p>El compromiso suscrito a favor de las personas con discapacidad, destaca la implementaci\u00f3n de un parque Infantil incluyente, dise\u00f1o de pol\u00edticas p\u00fablicas para impulsar el turismo inclusivo, fomentar actividades deportivas, culturales, art\u00edsticas y de emprendimiento para personas con discapacidad y accesibilidad de espacios, entre otros compromisos.<\/p>\n\n\n\n<p>En el acto, Marisabel Espinoza L\u00f3pez, vicepresidenta de la Asociaci\u00f3n de Sordos de Oaxaca, asever\u00f3 que conf\u00edan en el triunfo de Villaca\u00f1a Jim\u00e9nez para contar con un aliado que atienda, respete y brinde igualdad de oportunidades y desarrollo pleno a las oaxaque\u00f1as y oaxaque\u00f1os con discapacidad visual, sorda y motora.<\/p>\n\n\n\n<figure class=\"wp-block-embed-twitter wp-block-embed is-type-rich is-provider-twitter\"><div class=\"wp-block-embed__wrapper\">\n<div class=\"twitter-tweet\"><blockquote class=\"twitter-tweet\" data-lang=\"es\"><p lang=\"es\" dir=\"ltr\">Una muy productiva reuni\u00f3n con personas con discapacidad, mujeres y hombres quienes con trabajo y fortaleza, nos demuestran que los l\u00edmites solo est\u00e1n en nuestra mente. Agradezco su confianza y respaldo para avanzar en equipo hacia una ciudad m\u00e1s incluyente. <a href=\"https:\/\/twitter.com\/hashtag\/VaPorOaxacaDeJu%C3%A1rez?src=hash&amp;ref_src=twsrc%5Etfw\">#VaPorOaxacaDeJu\u00e1rez<\/a> <a href=\"https:\/\/t.co\/I6E6KBxoE3\">pic.twitter.com\/I6E6KBxoE3<\/a><\/p>&mdash; Javier Villaca\u00f1a (@JavierVillacana) <a href=\"https:\/\/twitter.com\/JavierVillacana\/status\/1396223273243922439?ref_src=twsrc%5Etfw\">22 de mayo de 2021<\/a><\/blockquote><\/div>\n<\/div><\/figure>\n\n\n\n<p>RECORRE MERCADOS<\/p>\n\n\n\n<p>En otra actividad, acord\u00f3 con la Federaci\u00f3n de Mercados contribuir al fortalecimiento y desarrollo de la competitividad de estos espacios,&nbsp; en beneficio de locatarios, locatarias y la ciudadan\u00eda usuaria.<\/p>\n\n\n\n<p>En presencia de integrantes de la planilla y el Secretario General de la Federaci\u00f3n, Amancio P\u00e9rez Ruiz, el abanderado com\u00fan del PRI, PAN y PRD asumi\u00f3 el compromiso de reformar los ordenamientos legales para modificar la apertura, cierre y la autorizaci\u00f3n de nuevos giros en estos centros comerciales.<\/p>\n\n\n\n<p>Asimismo, otorgar de manera f\u00edsica las concesiones para ser sujetos de cr\u00e9ditos y revisar o acotar el uso de la vialidad p\u00fablica. \u00abEstamos sellando el compromiso con&nbsp; ustedes para dar mayor competitividad a todos los mercados,&nbsp; porque tenemos claro que queremos construir una mejor ciudad, en conjunto, para nuestros hijos e hijas\u00bb, dijo, acompa\u00f1ado de integrantes de la plantilla.<\/p>\n\n\n\n<p>Por su parte,&nbsp; Amancio P\u00e9rez record\u00f3 el trabajo que emprendi\u00f3 con el candidato a presidente municipal hace a\u00f1os para dignificar los mercados \u00ab20 de Noviembre\u00bb, \u00abBenito Ju\u00e1rez\u00bb y construir el \u00abPochote\u00bb, entre otros.<\/p>\n\n\n\n<p>Al finalizar el encuentro, integrantes de la Federaci\u00f3n coincidieron en respaldar y votar por las propuestas de rescate y embellecimiento de la Oaxaca de Ju\u00e1rez, que encabeza Villaca\u00f1a Jim\u00e9nez.<\/p>\n","protected":false},"excerpt":{"rendered":"<p>Redacci\u00f3n\/Zona Roja. Oaxaca de Ju\u00e1rez, Oax., 23 de mayo del 2021.- Convocado por la Alianza&hellip;<\/p>\n","protected":false},"author":2,"featured_media":27587,"comment_status":"closed","ping_status":"open","sticky":false,"template":"","format":"standard","meta":{"_lmt_disableupdate":"","_lmt_disable":"","_jetpack_memberships_contains_paid_content":false,"footnotes":""},"categories":[109,46],"tags":[2456],"class_list":["post-27586","post","type-post","status-publish","format-standard","has-post-thumbnail","hentry","category-minuto-a-minuto","category-zona-blanca","tag-javier-villacana-jimenez"],"jetpack_featured_media_url":"https:\/\/zonaroja.com.mx\/wp-content\/uploads\/2021\/05\/Javier-Villacana-y-Expresion-Universitaria.jpg","jetpack_sharing_enabled":true,"_links":{"self":[{"href":"https:\/\/zonaroja.com.mx\/index.php?rest_route=\/wp\/v2\/posts\/27586","targetHints":{"allow":["GET"]}}],"collection":[{"href":"https:\/\/zonaroja.com.mx\/index.php?rest_route=\/wp\/v2\/posts"}],"about":[{"href":"https:\/\/zonaroja.com.mx\/index.php?rest_route=\/wp\/v2\/types\/post"}],"author":[{"embeddable":true,"href":"https:\/\/zonaroja.com.mx\/index.php?rest_route=\/wp\/v2\/users\/2"}],"replies":[{"embeddable":true,"href":"https:\/\/zonaroja.com.mx\/index.php?rest_route=%2Fwp%2Fv2%2Fcomments&post=27586"}],"version-history":[{"count":2,"href":"https:\/\/zonaroja.com.mx\/index.php?rest_route=\/wp\/v2\/posts\/27586\/revisions"}],"predecessor-version":[{"id":27590,"href":"https:\/\/zonaroja.com.mx\/index.php?rest_route=\/wp\/v2\/posts\/27586\/revisions\/27590"}],"wp:featuredmedia":[{"embeddable":true,"href":"https:\/\/zonaroja.com.mx\/index.php?rest_route=\/wp\/v2\/media\/27587"}],"wp:attachment":[{"href":"https:\/\/zonaroja.com.mx\/index.php?rest_route=%2Fwp%2Fv2%2Fmedia&parent=27586"}],"wp:term":[{"taxonomy":"category","embeddable":true,"href":"https:\/\/zonaroja.com.mx\/index.php?rest_route=%2Fwp%2Fv2%2Fcategories&post=27586"},{"taxonomy":"post_tag","embeddable":true,"href":"https:\/\/zonaroja.com.mx\/index.php?rest_route=%2Fwp%2Fv2%2Ftags&post=27586"}],"curies":[{"name":"wp","href":"https:\/\/api.w.org\/{rel}","templated":true}]}}