{"id":27591,"date":"2021-05-23T07:45:58","date_gmt":"2021-05-23T12:45:58","guid":{"rendered":"http:\/\/www.zonaroja.com.mx\/?p=27591"},"modified":"2021-05-23T07:46:00","modified_gmt":"2021-05-23T12:46:00","slug":"fracasa-regreso-a-clases-en-campeche-y-nayarit-por-repunte-de-covid","status":"publish","type":"post","link":"https:\/\/zonaroja.com.mx\/?p=27591","title":{"rendered":"Fracasa regreso a clases en Campeche y Nayarit por repunte de Covid"},"content":{"rendered":"\n<p>Redacci\u00f3n\/Zona Roja Cdmx.<\/p>\n\n\n\n<p>Ciudad de M\u00e9xico, 23 de mayo de 2021.- Autoridades educativas de Campeche y Nayarit recularon en su decisi\u00f3n de continuar con las clases presenciales a alumnos de todos los niveles educativos.<\/p>\n\n\n\n<p>Ello debido al resurgimiento de casos de Covid-19, que pone en riesgo la salud de los estudiantes.<\/p>\n\n\n\n<p>En el caso de Campeche, la entidad regres\u00f3 en el sem\u00e1foro de riesgo, de verde a amarillo.<\/p>\n\n\n\n<p>En 2020 fue el primer estado en verde; el pasado 19 de abril, el primero en retomar actividades presenciales en 137 planteles de zonas rurales. Dos de ellos cerraron hace unos d\u00edas tras registrar contagios.<\/p>\n\n\n\n<p>De acuerdo con la Red IRAG, al 21 de mayo Campeche ten\u00eda una ocupaci\u00f3n de 2.18% en camas de hospitalizaci\u00f3n general y de 6.65% en camas con ventilador. De \u00e9stas, 3.12% eran de cuidados intensivos.<\/p>\n\n\n\n<p>El estado se ha mantenido con una de las ocupaciones hospitalarias m\u00e1s bajas a nivel nacional: al 21 de marzo, por ejemplo, registraba 0% de ocupaci\u00f3n en camas con ventilador en unidades de cuidados intensivos y 2% en camas de hospitalizaci\u00f3n general.<\/p>\n\n\n\n<p>En tanto, la Secretar\u00eda de Educaci\u00f3n de Nayarit anunci\u00f3 que el regreso a clases presenciales, que estaba programado para el 24 de mayo en los municipios de la Yesca, Huajicori y Del Nayar, se suspende hasta nuevo aviso, luego de que cambi\u00f3 el sem\u00e1foro epidemiol\u00f3gico a color amarillo.<\/p>\n\n\n\n<p>Se ten\u00eda programado que ma\u00f1ana regresaran a clases presenciales 32 escuelas de estos municipios; sin embargo, ante el cambio en el sem\u00e1foro epidemiol\u00f3gico se tom\u00f3 la determinaci\u00f3n de suspender el regreso para salvaguardar la salud de todos.<\/p>\n\n\n\n<p>Y es que los protocolos principales que deben observarse para el regreso a clases es que los maestros est\u00e9n vacunados, el sem\u00e1foro epidemiol\u00f3gico debe estar en verde y la voluntad de los padres de familia, alumnos y maestros.<\/p>\n\n\n\n<p>Se anunci\u00f3 que los preparativos se seguir\u00e1n para que en el momento que se indique poder dar inicio a las clases. El secretario de Salud, Ra\u00fal L\u00f3pez, Indic\u00f3 que ha habido un repunte de casos de covid-19.<\/p>\n\n\n\n<p>(Con informaci\u00f3n de \u00abExcelsior\u00bb)<\/p>\n","protected":false},"excerpt":{"rendered":"<p>Redacci\u00f3n\/Zona Roja Cdmx. Ciudad de M\u00e9xico, 23 de mayo de 2021.- Autoridades educativas de Campeche&hellip;<\/p>\n","protected":false},"author":2,"featured_media":27592,"comment_status":"closed","ping_status":"open","sticky":false,"template":"","format":"standard","meta":{"_lmt_disableupdate":"","_lmt_disable":"","_jetpack_memberships_contains_paid_content":false,"footnotes":""},"categories":[109,47],"tags":[2696],"class_list":["post-27591","post","type-post","status-publish","format-standard","has-post-thumbnail","hentry","category-minuto-a-minuto","category-zona-gris","tag-campeche"],"jetpack_featured_media_url":"https:\/\/zonaroja.com.mx\/wp-content\/uploads\/2021\/05\/Clases-Campeche.jpg","jetpack_sharing_enabled":true,"_links":{"self":[{"href":"https:\/\/zonaroja.com.mx\/index.php?rest_route=\/wp\/v2\/posts\/27591","targetHints":{"allow":["GET"]}}],"collection":[{"href":"https:\/\/zonaroja.com.mx\/index.php?rest_route=\/wp\/v2\/posts"}],"about":[{"href":"https:\/\/zonaroja.com.mx\/index.php?rest_route=\/wp\/v2\/types\/post"}],"author":[{"embeddable":true,"href":"https:\/\/zonaroja.com.mx\/index.php?rest_route=\/wp\/v2\/users\/2"}],"replies":[{"embeddable":true,"href":"https:\/\/zonaroja.com.mx\/index.php?rest_route=%2Fwp%2Fv2%2Fcomments&post=27591"}],"version-history":[{"count":1,"href":"https:\/\/zonaroja.com.mx\/index.php?rest_route=\/wp\/v2\/posts\/27591\/revisions"}],"predecessor-version":[{"id":27593,"href":"https:\/\/zonaroja.com.mx\/index.php?rest_route=\/wp\/v2\/posts\/27591\/revisions\/27593"}],"wp:featuredmedia":[{"embeddable":true,"href":"https:\/\/zonaroja.com.mx\/index.php?rest_route=\/wp\/v2\/media\/27592"}],"wp:attachment":[{"href":"https:\/\/zonaroja.com.mx\/index.php?rest_route=%2Fwp%2Fv2%2Fmedia&parent=27591"}],"wp:term":[{"taxonomy":"category","embeddable":true,"href":"https:\/\/zonaroja.com.mx\/index.php?rest_route=%2Fwp%2Fv2%2Fcategories&post=27591"},{"taxonomy":"post_tag","embeddable":true,"href":"https:\/\/zonaroja.com.mx\/index.php?rest_route=%2Fwp%2Fv2%2Ftags&post=27591"}],"curies":[{"name":"wp","href":"https:\/\/api.w.org\/{rel}","templated":true}]}}