{"id":27594,"date":"2021-05-25T08:00:37","date_gmt":"2021-05-25T13:00:37","guid":{"rendered":"http:\/\/www.zonaroja.com.mx\/?p=27594"},"modified":"2021-05-25T16:49:02","modified_gmt":"2021-05-25T21:49:02","slug":"sin-ayuda-gubernamental-ciclista-paralimpica-busca-apoyo-para-seguir-en-competencias","status":"publish","type":"post","link":"https:\/\/zonaroja.com.mx\/?p=27594","title":{"rendered":"Sin ayuda gubernamental, ciclista paral\u00edmpica busca apoyo para seguir en competencias"},"content":{"rendered":"\n<p>Evlin Arag\u00f3n\/Zona Roja.<\/p>\n\n\n\n<p>Oaxaca de Ju\u00e1rez, Oax., 25 de mayo de 2021.- La discapacidad motriz que padece desde hace algunos a\u00f1os y la constante falta de apoyo econ\u00f3mico, por parte de las autoridades estatales, no ha impedido que Gilda Andrea Hern\u00e1ndez Ram\u00edrez, destaque a nivel mundial en el ciclismo paral\u00edmpico en donde ha obtenido medallas de oro para Oaxaca y M\u00e9xico.<\/p>\n\n\n\n<p>Originaria de San Felipe del Agua, del pueblo y no de la zona residencial, Andrea fue v\u00edctima de c\u00e1ncer desde temprana edad, a los 11 a\u00f1os fue diagnosticada con dicho padecimiento y afortunadamente se pudo atender a tiempo en el Hospital de la Ni\u00f1ez Oaxaque\u00f1a; donde a pesar de contar con buenos m\u00e9dicos, se enfrent\u00f3 como decenas de ni\u00f1as y ni\u00f1os a la falta de apoyo para los medicamentos.<\/p>\n\n\n\n<p>Su padecimiento le ocasion\u00f3 que, siendo adolescente, le fuera amputada una pierna, situaci\u00f3n que la dej\u00f3 en condici\u00f3n de discapacidad.&nbsp;<\/p>\n\n\n\n<p>\u201cMe amputaron la pierna debido a un tumor de c\u00e1ncer que padec\u00ed. Fui atendida en el Hospital de la Ni\u00f1ez en donde agradezco la atenci\u00f3n recibida, a pesar de que el recurso para los hospitales es muy poco y necesitamos quimioterapias para los ni\u00f1os con c\u00e1ncer en la entidad. Yo sufr\u00ed tambi\u00e9n de esa falta de recursos\u201d, refiri\u00f3 en entrevista con ZONA ROJA.&nbsp;<\/p>\n\n\n\n<p>Lejos de rendirse, encontr\u00f3 en el deporte una manera de desarrollarse f\u00edsica y emocionalmente; primero en el basquetbol y luego en el atletismo, donde estuvo incursionando a invitaci\u00f3n de amigos cercanos, sin embargo, fue en el ciclismo donde descubri\u00f3 su verdadera pasi\u00f3n al grado de participar en seriales nacionales e internacionales.<\/p>\n\n\n\n<p><div class=\"twitter-tweet\"><blockquote class=\"twitter-tweet\" data-lang=\"es\"><p lang=\"es\" dir=\"ltr\">Una extraordinaria atleta con discapacidad ha representado con orgullo a <a href=\"https:\/\/twitter.com\/hashtag\/Oaxaca?src=hash&amp;ref_src=twsrc%5Etfw\">#Oaxaca<\/a> en Polonia, en competencia mundial de paraciclismo\u2026 sin embargo, no cuenta con el apoyo del Gobierno del Estado y requiere seguir su preparaci\u00f3n con miras a otras competencias. \u00bfY el <a href=\"https:\/\/twitter.com\/INCUDE_GobOax?ref_src=twsrc%5Etfw\">@INCUDE_GobOax<\/a>? <a href=\"https:\/\/t.co\/aUhLNLH6KA\">pic.twitter.com\/aUhLNLH6KA<\/a><\/p>&mdash; Zona Roja Oaxaca (@Zona_Roja_Oax) <a href=\"https:\/\/twitter.com\/Zona_Roja_Oax\/status\/1397307142890266630?ref_src=twsrc%5Etfw\">25 de mayo de 2021<\/a><\/blockquote><\/div><\/p>\n\n\n\n<p>Afortunadamente no ha padecido la discriminaci\u00f3n por su condici\u00f3n y reconoce que ha contado con gente buena y sensible a su alrededor. Sin embargo, es sabedora de que existe rechazo hacia las personas con discapacidad, situaci\u00f3n que dijo jam\u00e1s la har\u00eda rendirse.<\/p>\n\n\n\n<p>AFORTUNADA Y FUERTE<\/p>\n\n\n\n<p>\u201cSoy afortunada de no haber vivido toda esa parte, sin embargo, si la hubiera vivido seguir\u00eda siendo fuerte, no me dejar\u00eda vencer por nadie. No me molestan los malos comentarios de alguien que no sabe por lo que he pasado\u201d, manifest\u00f3.<\/p>\n\n\n\n<p>A sus 20 a\u00f1os de edad, estudia en la Universidad An\u00e1huac, donde ha sido becada por su desempe\u00f1o deportivo y practica el paraciclismo de manera profesional, ello pese a las carencias econ\u00f3micas a las que se ha enfrentado, toda vez que la bicicleta con caracter\u00edsticas particulares, su mantenimiento, las llantas y refacciones, as\u00ed como los instrumentos y herramientas para llevar a cabo el entrenamiento de alto rendimiento, tienen costos elevados.<\/p>\n\n\n\n<p>Y es que a pesar de haber sido galardonada con el Premio Estatal del Deporte 2020, no existe apoyo y seguimiento por parte de las autoridades del gobierno de Oaxaca, a trav\u00e9s del Instituto de Cultura F\u00edsica y Deporte, quienes \u00fanicamente la felicitan por sus triunfos mediante WhatsApp, se promocionan incluso con ellos, pero nada m\u00e1s.<\/p>\n\n\n\n<p>COMPETIDORA INTERNACIONAL<\/p>\n\n\n\n<p>Andrea acaba de llegar de B\u00e9lgica en donde obtuvo un quinto lugar mundial en las pruebas de ruta y contrarreloj, y ya se alista para participar en el serial nacional de Nuevo Le\u00f3n y posteriormente el mundial que se llevar\u00e1 a cabo en Portugal.<\/p>\n\n\n\n<p>Para lo anterior necesita recursos econ\u00f3micos que le permitan costear su viaje, por ello se ha dado a la tarea de buscar patrocinadores, ante una falla total de las autoridades del Estado, como el Instituto de Cultura F\u00edsica y Deporte y el Sistema DIF Oaxaca.<\/p>\n\n\n\n<p>La carencia de apoyo institucional ha sido una constante para Andrea, aunque reconoce haber recibido algunos beneficios, estos son espor\u00e1dicos y no alcanzan para una deportista de alto nivel. Claro ejemplo su viaje a Holanda, donde consigui\u00f3 un s\u00e9ptimo mundial \u00fanicamente con el apoyo de su familia; su patrocinador, el empresario Maximiliano Bola\u00f1os; y el agente municipal de San Felipe del Agua, Jaime Alberto Cruz Varela.<\/p>\n\n\n\n<p>De ah\u00ed que se ha dado a la tarea de buscar personas interesadas en apoyar a la juventud, al deporte y al talento oaxaque\u00f1o.<\/p>\n\n\n\n<p>Aqu\u00ed la transmisi\u00f3n de la entrevista: <\/p>\n\n\n\n<p>https:\/\/fb.watch\/5C3xc-SdKd\/<\/p>\n\n\n\n<p><\/p>\n","protected":false},"excerpt":{"rendered":"<p>Evlin Arag\u00f3n\/Zona Roja. Oaxaca de Ju\u00e1rez, Oax., 25 de mayo de 2021.- La discapacidad motriz&hellip;<\/p>\n","protected":false},"author":2,"featured_media":27595,"comment_status":"closed","ping_status":"open","sticky":false,"template":"","format":"standard","meta":{"_lmt_disableupdate":"","_lmt_disable":"","_jetpack_memberships_contains_paid_content":false,"footnotes":""},"categories":[109,46],"tags":[2697],"class_list":["post-27594","post","type-post","status-publish","format-standard","has-post-thumbnail","hentry","category-minuto-a-minuto","category-zona-blanca","tag-gilda-andrea-hernandez-ramirez"],"jetpack_featured_media_url":"https:\/\/zonaroja.com.mx\/wp-content\/uploads\/2021\/05\/Paraciclista-Gilda-Andrea.jpg","jetpack_sharing_enabled":true,"_links":{"self":[{"href":"https:\/\/zonaroja.com.mx\/index.php?rest_route=\/wp\/v2\/posts\/27594","targetHints":{"allow":["GET"]}}],"collection":[{"href":"https:\/\/zonaroja.com.mx\/index.php?rest_route=\/wp\/v2\/posts"}],"about":[{"href":"https:\/\/zonaroja.com.mx\/index.php?rest_route=\/wp\/v2\/types\/post"}],"author":[{"embeddable":true,"href":"https:\/\/zonaroja.com.mx\/index.php?rest_route=\/wp\/v2\/users\/2"}],"replies":[{"embeddable":true,"href":"https:\/\/zonaroja.com.mx\/index.php?rest_route=%2Fwp%2Fv2%2Fcomments&post=27594"}],"version-history":[{"count":5,"href":"https:\/\/zonaroja.com.mx\/index.php?rest_route=\/wp\/v2\/posts\/27594\/revisions"}],"predecessor-version":[{"id":27691,"href":"https:\/\/zonaroja.com.mx\/index.php?rest_route=\/wp\/v2\/posts\/27594\/revisions\/27691"}],"wp:featuredmedia":[{"embeddable":true,"href":"https:\/\/zonaroja.com.mx\/index.php?rest_route=\/wp\/v2\/media\/27595"}],"wp:attachment":[{"href":"https:\/\/zonaroja.com.mx\/index.php?rest_route=%2Fwp%2Fv2%2Fmedia&parent=27594"}],"wp:term":[{"taxonomy":"category","embeddable":true,"href":"https:\/\/zonaroja.com.mx\/index.php?rest_route=%2Fwp%2Fv2%2Fcategories&post=27594"},{"taxonomy":"post_tag","embeddable":true,"href":"https:\/\/zonaroja.com.mx\/index.php?rest_route=%2Fwp%2Fv2%2Ftags&post=27594"}],"curies":[{"name":"wp","href":"https:\/\/api.w.org\/{rel}","templated":true}]}}