{"id":27598,"date":"2021-05-23T15:06:59","date_gmt":"2021-05-23T20:06:59","guid":{"rendered":"http:\/\/www.zonaroja.com.mx\/?p=27598"},"modified":"2021-05-23T15:07:03","modified_gmt":"2021-05-23T20:07:03","slug":"siete-meses-sin-zayra-no-pierdo-la-fe-en-que-algun-dia-te-vuelva-a-brazar","status":"publish","type":"post","link":"https:\/\/zonaroja.com.mx\/?p=27598","title":{"rendered":"Siete meses sin Zayra: \u201cNo pierdo la fe en que alg\u00fan d\u00eda te vuelva a brazar\u201d"},"content":{"rendered":"\n<p>Ismael Garc\u00eda M.\/Zona Roja.<\/p>\n\n\n\n<p>Oaxaca de Ju\u00e1rez, Oax., 23 de mayo de 2021.- Este domingo se cumplen siete meses de la desaparici\u00f3n de la joven Zayra Leticia Morales Loyola, sin que hasta ahora la Fiscal\u00eda General del Estado tenga pistas sobre su paradero.<\/p>\n\n\n\n<p>\u201cHoy 23 de mayo se cumplen siete meses que te desaparecieron, Zayra, te extra\u00f1o tanto como el primer d\u00eda que desapareciste, ver tus fotos, tus pertenencias, tu cuarto, tus hijos, me da una nostalgia que en momentos incluso, d\u00edas que me derrumba, me pongo a pensar y pensar, a hacer miles de conclusiones, sobre todo, qu\u00e9 es de ti\u201d.<\/p>\n\n\n\n<p>Mediante un video difundido hoy en sus redes sociales, la se\u00f1ora Mar\u00eda Leticia Loyola L\u00f3pez, madre de la joven, pidi\u00f3 a la sociedad y a las autoridades no olvidar el caso y seguir su b\u00fasqueda.<\/p>\n\n\n\n<figure class=\"wp-block-embed-twitter wp-block-embed is-type-rich is-provider-twitter\"><div class=\"wp-block-embed__wrapper\">\n<div class=\"twitter-tweet\"><blockquote class=\"twitter-tweet\" data-lang=\"es\"><p lang=\"es\" dir=\"ltr\"><a href=\"https:\/\/twitter.com\/hashtag\/JusticiaParaZayra?src=hash&amp;ref_src=twsrc%5Etfw\">#JusticiaParaZayra<\/a><br>\u201cTe extra\u00f1o tanto como el primer d\u00eda que desapareciste&#8230; te amamos, que Dios te cuide\u201d&#8230; el clamor de la madre de Zayra Leticia, cuya desaparici\u00f3n en <a href=\"https:\/\/twitter.com\/hashtag\/Huajuapan?src=hash&amp;ref_src=twsrc%5Etfw\">#Huajuapan<\/a> de Le\u00f3n, <a href=\"https:\/\/twitter.com\/hashtag\/Oaxaca?src=hash&amp;ref_src=twsrc%5Etfw\">#Oaxaca<\/a>, cumple hoy siete meses.<br>De la <a href=\"https:\/\/twitter.com\/FISCALIA_GobOax?ref_src=twsrc%5Etfw\">@FISCALIA_GobOax<\/a>, ning\u00fan avance. <a href=\"https:\/\/t.co\/hd7I8JjLu2\">pic.twitter.com\/hd7I8JjLu2<\/a><\/p>&mdash; Zona Roja Oaxaca (@Zona_Roja_Oax) <a href=\"https:\/\/twitter.com\/Zona_Roja_Oax\/status\/1396550428742111235?ref_src=twsrc%5Etfw\">23 de mayo de 2021<\/a><\/blockquote><\/div>\n<\/div><\/figure>\n\n\n\n<p>\u201cNo pierdo mi fe y esperanza en que alg\u00fan d\u00eda te vuelva a abrazar y te vuelva a decir cu\u00e1nto te amo. Zay, eres todo para m\u00ed, toda la familia te extra\u00f1amos, nada es lo mismo sin ti, se siente un gran vac\u00edo, se nos hace un nudo en la garganta cada que pensamos en ti, te seguimos buscando, y as\u00ed ser\u00e1, hasta encontrarte hija de mi vida\u201d, difundi\u00f3 entre sollozos.<\/p>\n\n\n\n<p>Zayra Leticia, de 29 a\u00f1os de edad, desapareci\u00f3 la noche del 23 de octubre de 2019 en Santa Mar\u00eda Xochixtlapilco, agencia del municipio de Huajuapan de Le\u00f3n; dej\u00f3 dos hijos menores de edad.<\/p>\n\n\n\n<p>\u201cTe amamos, Zay, que dios te cuide y te guarde donde t\u00fa te encuentres, les agradezco much\u00edsimo me sigan apoyando y compartiendo este video, les deseo un lindo d\u00eda a todos y muchas gracias\u201d, refiri\u00f3 do\u00f1a Mar\u00eda Leticia.<\/p>\n\n\n\n<p>Hasta el momento ni la Vicefiscal\u00eda Regional de la Mixteca, a cargo del caso, ni la Fiscal\u00eda General del Estado, han dado informaci\u00f3n respecto a los avances de las indagatorias.<\/p>\n","protected":false},"excerpt":{"rendered":"<p>Ismael Garc\u00eda M.\/Zona Roja. Oaxaca de Ju\u00e1rez, Oax., 23 de mayo de 2021.- Este domingo&hellip;<\/p>\n","protected":false},"author":2,"featured_media":27599,"comment_status":"closed","ping_status":"open","sticky":false,"template":"","format":"standard","meta":{"_lmt_disableupdate":"","_lmt_disable":"","_jetpack_memberships_contains_paid_content":false,"footnotes":""},"categories":[109,47],"tags":[2146],"class_list":["post-27598","post","type-post","status-publish","format-standard","has-post-thumbnail","hentry","category-minuto-a-minuto","category-zona-gris","tag-zayra-leticia-morales-loyola"],"jetpack_featured_media_url":"https:\/\/zonaroja.com.mx\/wp-content\/uploads\/2021\/05\/MAdre-Zayra-Leticia-Morales.jpg","jetpack_sharing_enabled":true,"_links":{"self":[{"href":"https:\/\/zonaroja.com.mx\/index.php?rest_route=\/wp\/v2\/posts\/27598","targetHints":{"allow":["GET"]}}],"collection":[{"href":"https:\/\/zonaroja.com.mx\/index.php?rest_route=\/wp\/v2\/posts"}],"about":[{"href":"https:\/\/zonaroja.com.mx\/index.php?rest_route=\/wp\/v2\/types\/post"}],"author":[{"embeddable":true,"href":"https:\/\/zonaroja.com.mx\/index.php?rest_route=\/wp\/v2\/users\/2"}],"replies":[{"embeddable":true,"href":"https:\/\/zonaroja.com.mx\/index.php?rest_route=%2Fwp%2Fv2%2Fcomments&post=27598"}],"version-history":[{"count":1,"href":"https:\/\/zonaroja.com.mx\/index.php?rest_route=\/wp\/v2\/posts\/27598\/revisions"}],"predecessor-version":[{"id":27600,"href":"https:\/\/zonaroja.com.mx\/index.php?rest_route=\/wp\/v2\/posts\/27598\/revisions\/27600"}],"wp:featuredmedia":[{"embeddable":true,"href":"https:\/\/zonaroja.com.mx\/index.php?rest_route=\/wp\/v2\/media\/27599"}],"wp:attachment":[{"href":"https:\/\/zonaroja.com.mx\/index.php?rest_route=%2Fwp%2Fv2%2Fmedia&parent=27598"}],"wp:term":[{"taxonomy":"category","embeddable":true,"href":"https:\/\/zonaroja.com.mx\/index.php?rest_route=%2Fwp%2Fv2%2Fcategories&post=27598"},{"taxonomy":"post_tag","embeddable":true,"href":"https:\/\/zonaroja.com.mx\/index.php?rest_route=%2Fwp%2Fv2%2Ftags&post=27598"}],"curies":[{"name":"wp","href":"https:\/\/api.w.org\/{rel}","templated":true}]}}