{"id":2760,"date":"2019-08-02T12:39:16","date_gmt":"2019-08-02T17:39:16","guid":{"rendered":"https:\/\/www.zonaroja.com.mx\/?p=2760"},"modified":"2019-08-02T17:12:11","modified_gmt":"2019-08-02T22:12:11","slug":"identifican-a-los-cuatro-chiapanecos-torturados-y-ejecutados-hoy-en-tapanatepec-oaxaca","status":"publish","type":"post","link":"https:\/\/zonaroja.com.mx\/?p=2760","title":{"rendered":"Identifican a los cuatro chiapanecos torturados y ejecutados hoy en Tapanatepec, Oaxaca"},"content":{"rendered":"<div id=\"AppleMailSignature\" dir=\"ltr\" style=\"font-family: UICTFontTextStyleBody;font-size: 17px;font-style: normal;font-weight: normal;letter-spacing: normal;text-align: start;text-indent: 0px;text-transform: none;text-decoration: none\">Redacci\u00f3n<\/div>\n<div id=\"AppleMailSignature\" dir=\"ltr\" style=\"font-family: UICTFontTextStyleBody;font-size: 17px;font-style: normal;font-weight: normal;letter-spacing: normal;text-align: start;text-indent: 0px;text-transform: none;text-decoration: none\">Oaxaca de Ju\u00e1rez, Oax. 2 de agosto de 2019. Como<span class=\"Apple-converted-space\">\u00a0<\/span>R. M. L., de 56 a\u00f1os de edad, originario de Tonal\u00e1; J. A. M. G., de 18 a\u00f1os, de Tonal\u00e1; H. A. S., de 35 a\u00f1os, originario del Pared\u00f3n, y F. M. C., de 15 a\u00f1os y originario de Huizachal, todos de Chiapas, fueron identificados los cuatro torturados y ejecutados este viernes en San Pedro Tapanatepec, Oaxaca.<\/div>\n<div id=\"AppleMailSignature\" dir=\"ltr\" style=\"font-family: UICTFontTextStyleBody;font-size: 17px;font-style: normal;font-weight: normal;letter-spacing: normal;text-align: start;text-indent: 0px;text-transform: none;text-decoration: none\">En un comunicado, la Fiscal\u00eda General del Estado inform\u00f3 que los cuerpos fueron localizados en un camino de terracer\u00eda que se ubica en el paraje \u201cTembladera\u201d, a un costado de la carretera Tapanatepec-Talism\u00e1n, tramo Tapanatepec-Arriaga.<\/div>\n<div id=\"AppleMailSignature\" dir=\"ltr\" style=\"font-family: UICTFontTextStyleBody;font-size: 17px;font-style: normal;font-weight: normal;letter-spacing: normal;text-align: start;text-indent: 0px;text-transform: none;text-decoration: none\">Indic\u00f3 que en el lugar de los hechos se encontraba un veh\u00edculo de motor marca Nissan, color blanco con franjas color verde, destinado como taxi de Tonal\u00e1, Chiapas, con n\u00famero econ\u00f3mico 045, en cuyo asiento trasero se hallaron dos cad\u00e1veres del sexo masculino maniatados y con disparos en la cabeza producidos por proyectil de arma de fuego.<\/div>\n<div id=\"AppleMailSignature\" dir=\"ltr\" style=\"font-family: UICTFontTextStyleBody;font-size: 17px;font-style: normal;font-weight: normal;letter-spacing: normal;text-align: start;text-indent: 0px;text-transform: none;text-decoration: none\">Asimismo, en la cajuela del veh\u00edculo se encontraban dos cad\u00e1veres del sexo masculino maniatados y con disparos producidos por proyectil de arma de fuego.<\/div>\n<div id=\"AppleMailSignature\" dir=\"ltr\" style=\"font-family: UICTFontTextStyleBody;font-size: 17px;font-style: normal;font-weight: normal;letter-spacing: normal;text-align: start;text-indent: 0px;text-transform: none;text-decoration: none\">Dijo que derivado de estos hechos se realiz\u00f3 el levantamiento de los cad\u00e1veres y se inici\u00f3 la carpeta de investigaci\u00f3n 2624\/FIST\/CHAHUITES\/2019 en contra de quien o quienes resulten responsables en la comisi\u00f3n del delito de homicidio calificado.<\/div>\n<div id=\"AppleMailSignature\" dir=\"ltr\" style=\"font-family: UICTFontTextStyleBody;font-size: 17px;font-style: normal;font-weight: normal;letter-spacing: normal;text-align: start;text-indent: 0px;text-transform: none;text-decoration: none\">https:\/\/twitter.com\/FISCALIA_GobOax\/status\/1157330457689821186<\/div>\n<div id=\"AppleMailSignature\" dir=\"ltr\" style=\"font-family: UICTFontTextStyleBody;font-size: 17px;font-style: normal;font-weight: normal;letter-spacing: normal;text-align: start;text-indent: 0px;text-transform: none;text-decoration: none\"><\/div>\n<div id=\"AppleMailSignature\" dir=\"ltr\" style=\"font-family: UICTFontTextStyleBody;font-size: 17px;font-style: normal;font-weight: normal;letter-spacing: normal;text-align: start;text-indent: 0px;text-transform: none;text-decoration: none\"><\/div>\n<div id=\"AppleMailSignature\" dir=\"ltr\" style=\"font-family: UICTFontTextStyleBody;font-size: 17px;font-style: normal;font-weight: normal;letter-spacing: normal;text-align: start;text-indent: 0px;text-transform: none;text-decoration: none\"><\/div>\n<div id=\"AppleMailSignature\" dir=\"ltr\" style=\"font-family: UICTFontTextStyleBody;font-size: 17px;font-style: normal;font-weight: normal;letter-spacing: normal;text-align: start;text-indent: 0px;text-transform: none;text-decoration: none\"><\/div>\n<div id=\"AppleMailSignature\" dir=\"ltr\" style=\"font-family: UICTFontTextStyleBody;font-size: 17px;font-style: normal;font-weight: normal;letter-spacing: normal;text-align: start;text-indent: 0px;text-transform: none;text-decoration: none\"><\/div>\n<div id=\"AppleMailSignature\" dir=\"ltr\" style=\"font-family: UICTFontTextStyleBody;font-size: 17px;font-style: normal;font-weight: normal;letter-spacing: normal;text-align: start;text-indent: 0px;text-transform: none;text-decoration: none\"><\/div>\n","protected":false},"excerpt":{"rendered":"<p>Redacci\u00f3n Oaxaca de Ju\u00e1rez, Oax. 2 de agosto de 2019. Como\u00a0R. M. L., de 56&hellip;<\/p>\n","protected":false},"author":2,"featured_media":2759,"comment_status":"closed","ping_status":"open","sticky":false,"template":"","format":"standard","meta":{"_lmt_disableupdate":"","_lmt_disable":"","_jetpack_memberships_contains_paid_content":false,"footnotes":""},"categories":[1,51],"tags":[458],"class_list":["post-2760","post","type-post","status-publish","format-standard","has-post-thumbnail","hentry","category-sin-categoria","category-zona-roja","tag-cuatro-ejecutados-de-chiapas-en-tapanatepec-oaxaca"],"jetpack_featured_media_url":"https:\/\/zonaroja.com.mx\/wp-content\/uploads\/2019\/08\/ezy-watermark_02-08-2019_12-38-35p.-m..jpg","jetpack_sharing_enabled":true,"_links":{"self":[{"href":"https:\/\/zonaroja.com.mx\/index.php?rest_route=\/wp\/v2\/posts\/2760","targetHints":{"allow":["GET"]}}],"collection":[{"href":"https:\/\/zonaroja.com.mx\/index.php?rest_route=\/wp\/v2\/posts"}],"about":[{"href":"https:\/\/zonaroja.com.mx\/index.php?rest_route=\/wp\/v2\/types\/post"}],"author":[{"embeddable":true,"href":"https:\/\/zonaroja.com.mx\/index.php?rest_route=\/wp\/v2\/users\/2"}],"replies":[{"embeddable":true,"href":"https:\/\/zonaroja.com.mx\/index.php?rest_route=%2Fwp%2Fv2%2Fcomments&post=2760"}],"version-history":[{"count":2,"href":"https:\/\/zonaroja.com.mx\/index.php?rest_route=\/wp\/v2\/posts\/2760\/revisions"}],"predecessor-version":[{"id":2769,"href":"https:\/\/zonaroja.com.mx\/index.php?rest_route=\/wp\/v2\/posts\/2760\/revisions\/2769"}],"wp:featuredmedia":[{"embeddable":true,"href":"https:\/\/zonaroja.com.mx\/index.php?rest_route=\/wp\/v2\/media\/2759"}],"wp:attachment":[{"href":"https:\/\/zonaroja.com.mx\/index.php?rest_route=%2Fwp%2Fv2%2Fmedia&parent=2760"}],"wp:term":[{"taxonomy":"category","embeddable":true,"href":"https:\/\/zonaroja.com.mx\/index.php?rest_route=%2Fwp%2Fv2%2Fcategories&post=2760"},{"taxonomy":"post_tag","embeddable":true,"href":"https:\/\/zonaroja.com.mx\/index.php?rest_route=%2Fwp%2Fv2%2Ftags&post=2760"}],"curies":[{"name":"wp","href":"https:\/\/api.w.org\/{rel}","templated":true}]}}