{"id":27607,"date":"2021-05-23T19:44:02","date_gmt":"2021-05-24T00:44:02","guid":{"rendered":"http:\/\/www.zonaroja.com.mx\/?p=27607"},"modified":"2021-05-23T19:44:29","modified_gmt":"2021-05-24T00:44:29","slug":"artesanos-de-coyotepec-firmes-para-defender-la-esperanza-para-oaxaca","status":"publish","type":"post","link":"https:\/\/zonaroja.com.mx\/?p=27607","title":{"rendered":"Artesanos de Coyotepec, firmes para defender la esperanza para Oaxaca"},"content":{"rendered":"\n<p>Redacci\u00f3n\/Zona Roja.<\/p>\n\n\n\n<p>Oaxaca de Ju\u00e1rez, Oax., 23 de mayo 2021.\u00a0 Al grito de \u201cnuestro voto es para morena, no queremos m\u00e1s gobiernos corruptos y que sigan saqueando a Oaxaca, no queremos que regrese el PRIAN que tanto da\u00f1o le hizo al pa\u00eds\u201d, m\u00e1s de 500 artesanas y artesanos de la comunidad de San Bartolo Coyotepec, refrendaron su apoyo a Horacio Sosa Villavicencio, candidato a la diputaci\u00f3n local del distrito XVI, con cabecera en Zimatl\u00e1n de \u00c1lvarez.<\/p>\n\n\n\n<p>El aspirante del Partido Morena agradeci\u00f3 la confianza y respaldo de este sector de la poblaci\u00f3n que&nbsp;&nbsp; \u2013dijo- no solo pone en alto el nombre de Oaxaca en todo el mundo, sino que es una actividad fundamental para el progreso del Estado, al ser, seguido del campo, una de las principales fuentes generadoras de empleo en la entidad.<\/p>\n\n\n\n<p>Sosa Villavicencio reiter\u00f3 su compromiso de trabajar para representar la voz del pueblo en la C\u00e1mara de Diputados local. Se\u00f1al\u00f3 que es momento de defender la esperanza y consolidar la Cuarta Transformaci\u00f3n para Oaxaca de la mano de \u201cya saben qui\u00e9n\u201d.<\/p>\n\n\n\n<p>Dentro de sus propuestas enlisto: legislar para crear leyes que den como resultado un incremento de apoyos para impulsar la producci\u00f3n artesanal de forma sustentable, mediante el desarrollo de pol\u00edticas p\u00fablicas humanistas y sociales, en las que los artesanos, hombres y mujeres, sean los protagonistas de la producci\u00f3n artesanal.<\/p>\n\n\n\n<p>A la reuni\u00f3n realizada en San Bartolo Coyotepec, tambi\u00e9n asisti\u00f3 la candidata a diputada federal de la coalici\u00f3n \u201cJuntos haremos historia\u201d por el distrito III, con cabecera en Huajuapan de Le\u00f3n, Margarita Garc\u00eda Garc\u00eda, quien llam\u00f3 a las y los simpatizantes a \u201cvotar parejo por Morena\u201d, para evitar confusiones y no dejar que los candidatos y candidatas de partidos pol\u00edticos ma\u00f1osos del PRIAN, le roben el cambio verdadero a Oaxaca.<\/p>\n\n\n\n<p>Margarita Garc\u00eda llam\u00f3 a la militancia a hacer patria y este 6 de junio le den su voto a las y los candidatos de Morena, porque indic\u00f3 que este momento es clave para no retroceder y permitir m\u00e1s da\u00f1o al pa\u00eds.<\/p>\n","protected":false},"excerpt":{"rendered":"<p>Redacci\u00f3n\/Zona Roja. Oaxaca de Ju\u00e1rez, Oax., 23 de mayo 2021.\u00a0 Al grito de \u201cnuestro voto&hellip;<\/p>\n","protected":false},"author":2,"featured_media":27608,"comment_status":"closed","ping_status":"open","sticky":false,"template":"","format":"standard","meta":{"_lmt_disableupdate":"","_lmt_disable":"","_jetpack_memberships_contains_paid_content":false,"footnotes":""},"categories":[109,46],"tags":[444],"class_list":["post-27607","post","type-post","status-publish","format-standard","has-post-thumbnail","hentry","category-minuto-a-minuto","category-zona-blanca","tag-horacio-sosa-villavicencio"],"jetpack_featured_media_url":"https:\/\/zonaroja.com.mx\/wp-content\/uploads\/2021\/05\/Respaldo-de-artesanas-y-artesanos-a-Horacio-Sosa-Villavicencio.jpeg","jetpack_sharing_enabled":true,"_links":{"self":[{"href":"https:\/\/zonaroja.com.mx\/index.php?rest_route=\/wp\/v2\/posts\/27607","targetHints":{"allow":["GET"]}}],"collection":[{"href":"https:\/\/zonaroja.com.mx\/index.php?rest_route=\/wp\/v2\/posts"}],"about":[{"href":"https:\/\/zonaroja.com.mx\/index.php?rest_route=\/wp\/v2\/types\/post"}],"author":[{"embeddable":true,"href":"https:\/\/zonaroja.com.mx\/index.php?rest_route=\/wp\/v2\/users\/2"}],"replies":[{"embeddable":true,"href":"https:\/\/zonaroja.com.mx\/index.php?rest_route=%2Fwp%2Fv2%2Fcomments&post=27607"}],"version-history":[{"count":2,"href":"https:\/\/zonaroja.com.mx\/index.php?rest_route=\/wp\/v2\/posts\/27607\/revisions"}],"predecessor-version":[{"id":27610,"href":"https:\/\/zonaroja.com.mx\/index.php?rest_route=\/wp\/v2\/posts\/27607\/revisions\/27610"}],"wp:featuredmedia":[{"embeddable":true,"href":"https:\/\/zonaroja.com.mx\/index.php?rest_route=\/wp\/v2\/media\/27608"}],"wp:attachment":[{"href":"https:\/\/zonaroja.com.mx\/index.php?rest_route=%2Fwp%2Fv2%2Fmedia&parent=27607"}],"wp:term":[{"taxonomy":"category","embeddable":true,"href":"https:\/\/zonaroja.com.mx\/index.php?rest_route=%2Fwp%2Fv2%2Fcategories&post=27607"},{"taxonomy":"post_tag","embeddable":true,"href":"https:\/\/zonaroja.com.mx\/index.php?rest_route=%2Fwp%2Fv2%2Ftags&post=27607"}],"curies":[{"name":"wp","href":"https:\/\/api.w.org\/{rel}","templated":true}]}}