{"id":27611,"date":"2021-05-23T20:22:36","date_gmt":"2021-05-24T01:22:36","guid":{"rendered":"http:\/\/www.zonaroja.com.mx\/?p=27611"},"modified":"2021-05-23T20:22:43","modified_gmt":"2021-05-24T01:22:43","slug":"viola-gobierno-federal-derecho-a-consulta-de-pueblos-istmenos-denuncian","status":"publish","type":"post","link":"https:\/\/zonaroja.com.mx\/?p=27611","title":{"rendered":"Viola gobierno federal derecho a consulta de pueblos istme\u00f1os, denuncian"},"content":{"rendered":"\n<p>Redacci\u00f3n\/Zona Roja.<\/p>\n\n\n\n<p>Oaxaca de Ju\u00e1rez, Oax., 23 de mayo de 2021.- Una decena de organizaciones sociales y comunidades de la regi\u00f3n del Istmo de Tehuantepec denunciaron que el gobierno federal ha venido violando el derecho a la consulta y a la informaci\u00f3n a los pueblos, en el proyecto del corredor interoce\u00e1nico.<\/p>\n\n\n\n<p>\u201cLa implementaci\u00f3n de este megaproyecto, que el Presidente de la Rep\u00fablica reconoce es una continuaci\u00f3n del viejo proyecto porfirista, ha repetido muchas de las pr\u00e1cticas de los gobiernos neoliberales\u201d, reprocharon.<\/p>\n\n\n\n<p>En un comunicado, indicaron que a fines de marzo del 2019, el Instituto Nacional de Pueblos Ind\u00edgenas (INPI), realiz\u00f3 una \u201cconsulta\u201d que fue m\u00e1s que nada una \u201csimulaci\u00f3n, donde se violentaron los principios del consentimiento previo, libre e informado\u201d.<\/p>\n\n\n\n<p>Agregaron que el dise\u00f1o del Plan Maestro lo realiz\u00f3 la empresa de Singapur Surbana Jurong, mismo que no retoma las necesidades y propuestas de las comunidades ind\u00edgenas.<\/p>\n\n\n\n<p>Adem\u00e1s, entre las empresas contratadas para la realizaci\u00f3n de los trabajos de modernizaci\u00f3n del ferrocarril, se encuentran algunas con un p\u00e9simo historial, como La Peninsular propiedad de los Hank Rhon.<\/p>\n\n\n\n<p>Por otro lado, la manifestaci\u00f3n de impacto ambiental adolece de graves fallas y la contrataci\u00f3n de los trabajadores ha sido mediada por organismos sindicales que mantienen pr\u00e1cticas gansteriles como el sindicato ferrocarrilero de V\u00edctor Flores y a privado la opacidad en la informaci\u00f3n sobre la inversi\u00f3n extranjera comprometida.<\/p>\n\n\n\n<p>\u201cEsas pr\u00e1cticas agravadas por el despojo de tierras comunales como viene ocurriendo en la comunidad de Tagolaba, en Tehuantepec; la realizaci\u00f3n de asambleas \u2018ama\u00f1adas\u2019 para autorizar la cesi\u00f3n de tierras para la creaci\u00f3n de parques industriales en San Blas Atempa, Mixtequilla o en Rinc\u00f3n Vaquero, o el ingreso por parte de los trabajadores de las empresas a los terrenos ejidales sin contar con el permiso de las asambleas mixes del municipio de Guichicovi, han provocado el malestar y el leg\u00edtimo reclamo de las comunidades afectadas\u201d, agregaron.<\/p>\n\n\n\n<p>Por ello, demandaron al gobierno federal sean respetados el derecho a la consulta e informaci\u00f3n; \u201cbasta de provocar divisionismo al interior o entre comunidades y de simular consultas sin brindar informaci\u00f3n\u201d.<\/p>\n\n\n\n<p>Adem\u00e1s, tomar en cuenta la voz de las mujeres istme\u00f1as que hasta ahora no hemos sido escuchadas.<\/p>\n\n\n\n<p>Atender las demandas y responder a las necesidades prioritarias de los pueblos: agua potable suficiente, hospitales, universidades, servicio el\u00e9ctrico de calidad y con tarifas preferenciales. Recursos financieros para restauranteros, ganaderos, sorgueros, maiceros, artesanas, totoperas y pescadores.<\/p>\n\n\n\n<p>\u201cLas asambleas de nuestros pueblos han acordado no permitir la realizaci\u00f3n de trabajos de un megaproyecto que trae m\u00e1s perjuicios que beneficios a nuestras gentes. Exigimos que esa voluntad sea respetada\u201d, se pronunciaron.<\/p>\n\n\n\n<p>Entre los firmantes que dieron la conferencia en Juchit\u00e1n se encuentran el N\u00facleo Agrario Tagolaba (Tehuantepec), Uni\u00f3n de Comunidades Ind\u00edgenas de la Zona Norte del Istmo; Comit\u00e9 de Riego Mixtequilla; Comunidad de Palomares, Mat\u00edas Romero, Ejidos de San Juan Guichicovi, El Zarzal, y Mogo\u00f1e Viejo, Corriente del Pueblo Sol Rojo; Colectivo Xhuba Xhaxhi (Juchit\u00e1n), colonos afectados de Salina Cruz, Pobladores Oaxaca; Red de Resistencia Civil del Istmo, Oaxaca-Veracruz.<\/p>\n","protected":false},"excerpt":{"rendered":"<p>Redacci\u00f3n\/Zona Roja. Oaxaca de Ju\u00e1rez, Oax., 23 de mayo de 2021.- Una decena de organizaciones&hellip;<\/p>\n","protected":false},"author":2,"featured_media":27612,"comment_status":"closed","ping_status":"open","sticky":false,"template":"","format":"standard","meta":{"_lmt_disableupdate":"","_lmt_disable":"","_jetpack_memberships_contains_paid_content":false,"footnotes":""},"categories":[109,47],"tags":[1146],"class_list":["post-27611","post","type-post","status-publish","format-standard","has-post-thumbnail","hentry","category-minuto-a-minuto","category-zona-gris","tag-proyecto-transistimico"],"jetpack_featured_media_url":"https:\/\/zonaroja.com.mx\/wp-content\/uploads\/2021\/05\/Conferencia-oposicion-transistmico.jpg","jetpack_sharing_enabled":true,"_links":{"self":[{"href":"https:\/\/zonaroja.com.mx\/index.php?rest_route=\/wp\/v2\/posts\/27611","targetHints":{"allow":["GET"]}}],"collection":[{"href":"https:\/\/zonaroja.com.mx\/index.php?rest_route=\/wp\/v2\/posts"}],"about":[{"href":"https:\/\/zonaroja.com.mx\/index.php?rest_route=\/wp\/v2\/types\/post"}],"author":[{"embeddable":true,"href":"https:\/\/zonaroja.com.mx\/index.php?rest_route=\/wp\/v2\/users\/2"}],"replies":[{"embeddable":true,"href":"https:\/\/zonaroja.com.mx\/index.php?rest_route=%2Fwp%2Fv2%2Fcomments&post=27611"}],"version-history":[{"count":1,"href":"https:\/\/zonaroja.com.mx\/index.php?rest_route=\/wp\/v2\/posts\/27611\/revisions"}],"predecessor-version":[{"id":27613,"href":"https:\/\/zonaroja.com.mx\/index.php?rest_route=\/wp\/v2\/posts\/27611\/revisions\/27613"}],"wp:featuredmedia":[{"embeddable":true,"href":"https:\/\/zonaroja.com.mx\/index.php?rest_route=\/wp\/v2\/media\/27612"}],"wp:attachment":[{"href":"https:\/\/zonaroja.com.mx\/index.php?rest_route=%2Fwp%2Fv2%2Fmedia&parent=27611"}],"wp:term":[{"taxonomy":"category","embeddable":true,"href":"https:\/\/zonaroja.com.mx\/index.php?rest_route=%2Fwp%2Fv2%2Fcategories&post=27611"},{"taxonomy":"post_tag","embeddable":true,"href":"https:\/\/zonaroja.com.mx\/index.php?rest_route=%2Fwp%2Fv2%2Ftags&post=27611"}],"curies":[{"name":"wp","href":"https:\/\/api.w.org\/{rel}","templated":true}]}}