{"id":2762,"date":"2019-08-02T14:03:12","date_gmt":"2019-08-02T19:03:12","guid":{"rendered":"https:\/\/www.zonaroja.com.mx\/?p=2762"},"modified":"2019-08-02T17:09:27","modified_gmt":"2019-08-02T22:09:27","slug":"tras-retencion-de-mujeres-autoridades-de-alotepec-exigen-respeto-a-sus-usos-y-costumbres","status":"publish","type":"post","link":"https:\/\/zonaroja.com.mx\/?p=2762","title":{"rendered":"Tras retenci\u00f3n de mujeres, autoridades de Alotepec exigen respeto a sus usos y costumbres"},"content":{"rendered":"<p style=\"font-family: UICTFontTextStyleBody;font-size: 17px;font-style: normal;font-weight: normal;letter-spacing: normal;text-align: start;text-indent: 0px;text-transform: none;text-decoration: none;margin: 0cm 0cm 0.0001pt\">Evlin Arag\u00f3n\/Zona Roja Oaxaca<\/p>\n<p style=\"font-family: UICTFontTextStyleBody;font-size: 17px;font-style: normal;font-weight: normal;letter-spacing: normal;text-align: start;text-indent: 0px;text-transform: none;text-decoration: none;margin: 0cm 0cm 0.0001pt\"><span lang=\"ES\">Oaxaca de Ju\u00e1rez, Oax., 2 de agosto de 2019.- Autoridades municipales de Santa Mar\u00eda Alotepec Mixe, lamentaron los se\u00f1alamientos y las posturas de las organizaciones de la sociedad civil en contra de su libre determinaci\u00f3n y autonom\u00eda sustentada en el Convenio 169 de la Organizaci\u00f3n Internacional del Trabajo (OIT).<\/span><\/p>\n<p style=\"font-family: UICTFontTextStyleBody;font-size: 17px;font-style: normal;font-weight: normal;letter-spacing: normal;text-align: start;text-indent: 0px;text-transform: none;text-decoration: none;margin: 0cm 0cm 0.0001pt\"><span lang=\"ES\">Lo anterior luego de que decenas de agrupaciones se pronunciaran por la liberaci\u00f3n de siete mujeres que fueron encarceladas este jueves\u00a0<\/span><\/p>\n<p style=\"font-family: UICTFontTextStyleBody;font-size: 17px;font-style: normal;font-weight: normal;letter-spacing: normal;text-align: start;text-indent: 0px;text-transform: none;text-decoration: none;margin: 0cm 0cm 0.0001pt\"><span lang=\"ES\">por la autoridad municipal, al presuntamente negarse a prestar trastes del comedor comunitario del que son responsables.<\/span><\/p>\n<p style=\"font-family: UICTFontTextStyleBody;font-size: 17px;font-style: normal;font-weight: normal;letter-spacing: normal;text-align: start;text-indent: 0px;text-transform: none;text-decoration: none;margin: 0cm 0cm 0.0001pt\"><span lang=\"ES\">Mediante un comunicado, las autoridades municipales criticaron que los colectivos en defensa de los derechos humanos, que en ocasiones anteriores han pronunciado su respeto al ejercicio de la gobernanza comunitaria, ahora se\u00f1alen \u201cdesde sus escritorios\u201d violencia de g\u00e9nero, sin contar con argumentos y fundamentos sobre la funci\u00f3n de los Sistemas Normativos Ind\u00edgenas.<\/span><\/p>\n<div class=\"twitter-tweet\">\n<blockquote class=\"twitter-tweet\" data-lang=\"es\">\n<p lang=\"es\" dir=\"ltr\"><a href=\"https:\/\/twitter.com\/hashtag\/OaxacaGris?src=hash&amp;ref_src=twsrc%5Etfw\">#OaxacaGris<\/a><br \/>En este video se aprecia la retenci\u00f3n de siete mujeres mixes en la c\u00e1rcel de Santa Mar\u00eda Alotepec, municipio de la regi\u00f3n Sierra Ju\u00e1rez de <a href=\"https:\/\/twitter.com\/hashtag\/Oaxaca?src=hash&amp;ref_src=twsrc%5Etfw\">#Oaxaca<\/a>. <a href=\"https:\/\/twitter.com\/CNDH?ref_src=twsrc%5Etfw\">@CNDH<\/a> <a href=\"https:\/\/twitter.com\/DDHPO?ref_src=twsrc%5Etfw\">@DDHPO<\/a> <a href=\"https:\/\/twitter.com\/CodigoDH?ref_src=twsrc%5Etfw\">@CodigoDH<\/a> <a href=\"https:\/\/twitter.com\/ELPINERO?ref_src=twsrc%5Etfw\">@ELPINERO<\/a> <a href=\"https:\/\/t.co\/uPk2O8gwpZ\">pic.twitter.com\/uPk2O8gwpZ<\/a><\/p>\n<p>&mdash; Zona Roja Oaxaca (@MexRoja) <a href=\"https:\/\/twitter.com\/MexRoja\/status\/1157082831572652037?ref_src=twsrc%5Etfw\">2 de agosto de 2019<\/a><\/p><\/blockquote>\n<\/div>\n<p style=\"font-family: UICTFontTextStyleBody;font-size: 17px;font-style: normal;font-weight: normal;letter-spacing: normal;text-align: start;text-indent: 0px;text-transform: none;text-decoration: none;margin: 0cm 0cm 0.0001pt\"><span lang=\"ES\">\u201cEstamos abiertos al di\u00e1logo en torno a la impartici\u00f3n de justicia, pero descalificamos y condenamos que se nos criminalice desde el escritorio como han acostumbrado hacerlo para lograr sus prop\u00f3sitos de acreditarse como defensores de derechos humanos cuando est\u00e1n lejos de serlo\u201d, exponen en el documento sellado y firmado por la presidencia y sindicatura municipal, as\u00ed como las regidur\u00edas de Hacienda, Salud y Obras.<\/span><\/p>\n<p style=\"font-family: UICTFontTextStyleBody;font-size: 17px;font-style: normal;font-weight: normal;letter-spacing: normal;text-align: start;text-indent: 0px;text-transform: none;text-decoration: none;margin: 0cm 0cm 0.0001pt\"><span lang=\"ES\">Lejos de reconocer o incluso explicar el motivo del encarcelamiento\u00a0<\/span><span lang=\"ES\">de las siete<\/span><span lang=\"ES\">\u00a0mujeres, indicaron que no tomar\u00e1n en cuenta los exhortos de organizaciones sociales, medidas cautelares de la Defensor\u00eda de los Derechos Humanos y amenazas de iniciar una carpeta de investigaci\u00f3n por parte de la Fiscal\u00eda General del Estado, ya que violentan sus Sistemas Normativos Ind\u00edgenas.<\/span><\/p>\n<p style=\"font-family: UICTFontTextStyleBody;font-size: 17px;font-style: normal;font-weight: normal;letter-spacing: normal;text-align: start;text-indent: 0px;text-transform: none;text-decoration: none;margin: 0cm 0cm 0.0001pt\"><span lang=\"ES\">\u201cLos pueblos ind\u00edgenas tienen derecho a promover, desarrollar y mantener sus estructuras institucionales y sus propias costumbres, espiritualidad, tradiciones, procedimientos, pr\u00e1cticas y cuando existan, costumbres o sistemas jur\u00eddicos, de conformidad con las normas internacionales de derechos humanos\u201d, se\u00f1alaron.<\/span><\/p>\n<p style=\"font-family: UICTFontTextStyleBody;font-size: 17px;font-style: normal;font-weight: normal;letter-spacing: normal;text-align: start;text-indent: 0px;text-transform: none;text-decoration: none;margin: 0cm 0cm 0.0001pt\">Finalmente indicaron que fue por decisi\u00f3n propia del Cabildo y no por la presi\u00f3n ejercida desde fuera, que\u00a0a las 19:27\u00a0minutos del mismo jueves fueron liberadas\u00a0las siete\u00a0mujeres detenidas, sin dar mayor explicaci\u00f3n al respecto del caso que se viraliz\u00f3 en redes sociales y caus\u00f3 que decenas de organizaciones sociales se pronunciaran al respecto.<\/p>\n","protected":false},"excerpt":{"rendered":"<p>Evlin Arag\u00f3n\/Zona Roja Oaxaca Oaxaca de Ju\u00e1rez, Oax., 2 de agosto de 2019.- Autoridades municipales&hellip;<\/p>\n","protected":false},"author":2,"featured_media":2723,"comment_status":"closed","ping_status":"open","sticky":false,"template":"","format":"standard","meta":{"_lmt_disableupdate":"","_lmt_disable":"","_jetpack_memberships_contains_paid_content":false,"footnotes":""},"categories":[109,47],"tags":[457],"class_list":["post-2762","post","type-post","status-publish","format-standard","has-post-thumbnail","hentry","category-minuto-a-minuto","category-zona-gris","tag-acusa-alotepec-a-organizaciones-de-no-respetar-usos-y-costumbres"],"jetpack_featured_media_url":"https:\/\/zonaroja.com.mx\/wp-content\/uploads\/2019\/08\/IMG_5083.jpg","jetpack_sharing_enabled":true,"_links":{"self":[{"href":"https:\/\/zonaroja.com.mx\/index.php?rest_route=\/wp\/v2\/posts\/2762","targetHints":{"allow":["GET"]}}],"collection":[{"href":"https:\/\/zonaroja.com.mx\/index.php?rest_route=\/wp\/v2\/posts"}],"about":[{"href":"https:\/\/zonaroja.com.mx\/index.php?rest_route=\/wp\/v2\/types\/post"}],"author":[{"embeddable":true,"href":"https:\/\/zonaroja.com.mx\/index.php?rest_route=\/wp\/v2\/users\/2"}],"replies":[{"embeddable":true,"href":"https:\/\/zonaroja.com.mx\/index.php?rest_route=%2Fwp%2Fv2%2Fcomments&post=2762"}],"version-history":[{"count":2,"href":"https:\/\/zonaroja.com.mx\/index.php?rest_route=\/wp\/v2\/posts\/2762\/revisions"}],"predecessor-version":[{"id":2767,"href":"https:\/\/zonaroja.com.mx\/index.php?rest_route=\/wp\/v2\/posts\/2762\/revisions\/2767"}],"wp:featuredmedia":[{"embeddable":true,"href":"https:\/\/zonaroja.com.mx\/index.php?rest_route=\/wp\/v2\/media\/2723"}],"wp:attachment":[{"href":"https:\/\/zonaroja.com.mx\/index.php?rest_route=%2Fwp%2Fv2%2Fmedia&parent=2762"}],"wp:term":[{"taxonomy":"category","embeddable":true,"href":"https:\/\/zonaroja.com.mx\/index.php?rest_route=%2Fwp%2Fv2%2Fcategories&post=2762"},{"taxonomy":"post_tag","embeddable":true,"href":"https:\/\/zonaroja.com.mx\/index.php?rest_route=%2Fwp%2Fv2%2Ftags&post=2762"}],"curies":[{"name":"wp","href":"https:\/\/api.w.org\/{rel}","templated":true}]}}