{"id":27624,"date":"2021-05-24T07:20:35","date_gmt":"2021-05-24T12:20:35","guid":{"rendered":"http:\/\/www.zonaroja.com.mx\/?p=27624"},"modified":"2021-05-24T07:20:38","modified_gmt":"2021-05-24T12:20:38","slug":"senador-del-pri-y-ctm-dan-todo-su-apoyo-a-javier-villacana","status":"publish","type":"post","link":"https:\/\/zonaroja.com.mx\/?p=27624","title":{"rendered":"Senador del PRI y CTM dan todo su apoyo a Javier Villaca\u00f1a"},"content":{"rendered":"\n<p>Redacci\u00f3n\/Zona Roja.<\/p>\n\n\n\n<p>Oaxaca de Ju\u00e1rez, Oax., 24 Mayo de 2021.- A nombre de la m\u00e1xima central obrera del pa\u00eds, la Confederaci\u00f3n de Trabajadores de M\u00e9xico (CTM), el dirigente nacional, Carlos Aceves del Olmo, ratific\u00f3 el respaldo de la clase trabajadora a las candidaturas de Laura Vign\u00f3n Carre\u00f1o, Jos\u00e9 Antonio Hern\u00e1ndez Fraguas y Javier Villaca\u00f1a Jim\u00e9nez para que el pr\u00f3ximo 6 de junio alcancen el triunfo que los convierta en diputada local, legislador federal y presidente municipal de Oaxaca de Ju\u00e1rez, respectivamente.<\/p>\n\n\n\n<p>En el marco de un encuentro con las y los trabajadores agremiados a la CTM, el senador de la Rep\u00fablica, Carlos Aceves, reconoci\u00f3 el compromiso y trayectoria pol\u00edtica administrativa que han demostrado los hoy candidatos a esos tres puestos de elecci\u00f3n popular, porque en sus diferentes cargos han sido respetuosos y\u00a0 solidarios.<\/p>\n\n\n\n<figure class=\"wp-block-embed-twitter wp-block-embed is-type-rich is-provider-twitter\"><div class=\"wp-block-embed__wrapper\">\n<div class=\"twitter-tweet\"><blockquote class=\"twitter-tweet\" data-lang=\"es\"><p lang=\"es\" dir=\"ltr\">Muchas gracias a todas y todos los ciudadanos que se han sumado a este gran proyecto para recuperar el rumbo y la grandeza de <a href=\"https:\/\/twitter.com\/hashtag\/OaxacaDeJu%C3%A1rez?src=hash&amp;ref_src=twsrc%5Etfw\">#OaxacaDeJu\u00e1rez<\/a>. Este 6 de junio demostremos una vez m\u00e1s que cuando nos unimos somos imparables. \u00a1Vamos a ganar! <a href=\"https:\/\/twitter.com\/hashtag\/VaPorTi?src=hash&amp;ref_src=twsrc%5Etfw\">#VaPorTi<\/a> <a href=\"https:\/\/twitter.com\/hashtag\/JuntosLoHaremosDeNuevo?src=hash&amp;ref_src=twsrc%5Etfw\">#JuntosLoHaremosDeNuevo<\/a> <a href=\"https:\/\/t.co\/PhQBrG5umE\">pic.twitter.com\/PhQBrG5umE<\/a><\/p>&mdash; Javier Villaca\u00f1a (@JavierVillacana) <a href=\"https:\/\/twitter.com\/JavierVillacana\/status\/1396670608432418817?ref_src=twsrc%5Etfw\">24 de mayo de 2021<\/a><\/blockquote><\/div>\n<\/div><\/figure>\n\n\n\n<p>Llam\u00f3 a la base trabajadora de la capital del estado a respaldar en las urnas a los tres aspirantes postulados por los partidos Acci\u00f3n Nacional, de la Revoluci\u00f3n Democr\u00e1tica y Revolucionario Institucional, casa de la m\u00e1xima central obrera mexicana.<\/p>\n\n\n\n<p>Por su parte, Javier Villaca\u00f1a Jim\u00e9nez, candidato com\u00fan del PAN, PRI y PRD a la presidencia municipal de Oaxaca de Ju\u00e1rez, invit\u00f3 a quienes integran el gremio a ser part\u00edcipes en el rescate y construcci\u00f3n del Oaxaca que todas y todos merecemos, seguro y limpio para recuperar la bella y grandeza de siempre.<\/p>\n\n\n\n<p>Mientras tanto, la candidata a diputada local por el distrito electoral XIII, Laura Vign\u00f3n Carre\u00f1o y el abanderado a la diputaci\u00f3n por el VIII distrito, Jos\u00e9 Antonio Hern\u00e1ndez, agradecieron el respaldo y muestras de apoyo de las y los trabajadores para la alianza \u201cVa por Oaxaca\u201d.<\/p>\n","protected":false},"excerpt":{"rendered":"<p>Redacci\u00f3n\/Zona Roja. Oaxaca de Ju\u00e1rez, Oax., 24 Mayo de 2021.- A nombre de la m\u00e1xima&hellip;<\/p>\n","protected":false},"author":2,"featured_media":27625,"comment_status":"closed","ping_status":"open","sticky":false,"template":"","format":"standard","meta":{"_lmt_disableupdate":"","_lmt_disable":"","_jetpack_memberships_contains_paid_content":false,"footnotes":""},"categories":[109,46],"tags":[2456],"class_list":["post-27624","post","type-post","status-publish","format-standard","has-post-thumbnail","hentry","category-minuto-a-minuto","category-zona-blanca","tag-javier-villacana-jimenez"],"jetpack_featured_media_url":"https:\/\/zonaroja.com.mx\/wp-content\/uploads\/2021\/05\/23MY-CTM-Apoyo.jpeg","jetpack_sharing_enabled":true,"_links":{"self":[{"href":"https:\/\/zonaroja.com.mx\/index.php?rest_route=\/wp\/v2\/posts\/27624","targetHints":{"allow":["GET"]}}],"collection":[{"href":"https:\/\/zonaroja.com.mx\/index.php?rest_route=\/wp\/v2\/posts"}],"about":[{"href":"https:\/\/zonaroja.com.mx\/index.php?rest_route=\/wp\/v2\/types\/post"}],"author":[{"embeddable":true,"href":"https:\/\/zonaroja.com.mx\/index.php?rest_route=\/wp\/v2\/users\/2"}],"replies":[{"embeddable":true,"href":"https:\/\/zonaroja.com.mx\/index.php?rest_route=%2Fwp%2Fv2%2Fcomments&post=27624"}],"version-history":[{"count":1,"href":"https:\/\/zonaroja.com.mx\/index.php?rest_route=\/wp\/v2\/posts\/27624\/revisions"}],"predecessor-version":[{"id":27626,"href":"https:\/\/zonaroja.com.mx\/index.php?rest_route=\/wp\/v2\/posts\/27624\/revisions\/27626"}],"wp:featuredmedia":[{"embeddable":true,"href":"https:\/\/zonaroja.com.mx\/index.php?rest_route=\/wp\/v2\/media\/27625"}],"wp:attachment":[{"href":"https:\/\/zonaroja.com.mx\/index.php?rest_route=%2Fwp%2Fv2%2Fmedia&parent=27624"}],"wp:term":[{"taxonomy":"category","embeddable":true,"href":"https:\/\/zonaroja.com.mx\/index.php?rest_route=%2Fwp%2Fv2%2Fcategories&post=27624"},{"taxonomy":"post_tag","embeddable":true,"href":"https:\/\/zonaroja.com.mx\/index.php?rest_route=%2Fwp%2Fv2%2Ftags&post=27624"}],"curies":[{"name":"wp","href":"https:\/\/api.w.org\/{rel}","templated":true}]}}