{"id":27627,"date":"2021-05-24T08:01:06","date_gmt":"2021-05-24T13:01:06","guid":{"rendered":"http:\/\/www.zonaroja.com.mx\/?p=27627"},"modified":"2021-05-24T08:35:27","modified_gmt":"2021-05-24T13:35:27","slug":"el-fracaso-del-pacto-electoral-de-civilidad-en-oaxaca","status":"publish","type":"post","link":"https:\/\/zonaroja.com.mx\/?p=27627","title":{"rendered":"El fracaso del pacto electoral de civilidad en Oaxaca"},"content":{"rendered":"\n<p>Ismael Garc\u00eda M.\/Zona Roja.<\/p>\n\n\n\n<p>Oaxaca logra otro r\u00e9cord a nivel nacional: es la segunda entidad con el mayor n\u00famero de casos de violencia pol\u00edtica, en el proceso electoral 2020-2021 que inici\u00f3 en septiembre pasado.<\/p>\n\n\n\n<p>Es decir, ni el pacto firmado a nivel nacional ni mucho menos el estatal, han servido para frenar la ola de ataques y asesinatos a candidatos y candidatas.<\/p>\n\n\n\n<p>Lo mismo a aspirantes a ediles que a diputados, locales o federales; agresiones a balazos, amenazas de muerte, grupos delictivos que merodean, vandalismo en oficinas de campa\u00f1a, la t\u00f3nica.<\/p>\n\n\n\n<p>LOS PACTOS<\/p>\n\n\n\n<p>A nivel nacional, el Presidente Andr\u00e9s Manuel L\u00f3pez Obrador convoc\u00f3 en febrero a un pacto de civilidad, al cual se adhirieron la mayor\u00eda de gobernadores, incluyendo el de Oaxaca, Alejandro Murat Hinojosa, uno de los primeros en respaldarlo.<\/p>\n\n\n\n<p>La propuesta se concret\u00f3 en Palacio Nacional el 23 de marzo y el objetivo general es &#8211;o fue&#8211; garantizar elecciones limpias \u201cy respetar la voluntad del pueblo\u201d.<\/p>\n\n\n\n<p>En Oaxaca, por lo menos en dos ocasiones, desde el Poder Legislativo se propuso a las instancias electorales nacional y estatal, as\u00ed como al Ejecutivo, la signa de un pacto de paz para los comicios.<\/p>\n\n\n\n<p>El gobernador concret\u00f3 su iniciativa en el Palacio de Gobierno, el 6 de abril pasado, con la presencia de representantes de la mayor\u00eda de los partidos pol\u00edticos en la entidad.<\/p>\n\n\n\n<p>Este pacto, hom\u00f3logo del Acuerdo Nacional por la Democracia, fue suscrito tambi\u00e9n por el Vocal Ejecutivo del Instituto Nacional Electoral en Oaxaca, y el presidente del Consejo General del Instituto Estatal Electoral y de Participaci\u00f3n Ciudadana de Oaxaca,.<\/p>\n\n\n\n<p>Y LA REALIDAD<\/p>\n\n\n\n<p>Sin embargo, ni el acuerdo nacional ni el estatal han logrado frenar la ola delictiva. Seg\u00fan el cuarto informe de la Consultora Etellekt, dado a conocer el pasado fin de semana, el proceso electoral federal concurrente de 2021 es ya el segundo m\u00e1s violento desde el a\u00f1o 2000.<\/p>\n\n\n\n<p>El n\u00famero de pol\u00edticos y aspirantes asesinados es 29.5% superior a las 61 v\u00edctimas mortales del ciclo electoral intermedio de 2015; mientras que las agresiones globales (homicidios dolosos, amenazas, privaciones ilegales de la libertad, robos, intimidaciones y otros delitos), registradas hasta el 30 de abril de 2021, superan en 64% las cifras de violencia que se hab\u00edan presentado hasta el mismo corte del periodo electoral 2017-2018, el m\u00e1s violento de la historia, a falta de un mes para la jornada electoral del pr\u00f3ximo 6 de junio de 2021.<\/p>\n\n\n\n<p>Las agresiones en contra de pol\u00edticos, aspirantes y candidatos en el actual proceso, abarc\u00f3 a 31 entidades y 321 municipios de la rep\u00fablica (13% del total de municipios).<\/p>\n\n\n\n<p>El Indicador de Violencia Pol\u00edtica en M\u00e9xico (IVP) de Etellekt Consultores registr\u00f3 476 hechos delictivos en contra de pol\u00edticos y candidatos (ver gr\u00e1fico 1), con un saldo de 443 v\u00edctimas, 79 de ellas mortales (12 eran mujeres).<\/p>\n\n\n\n<p>La cifra de 443 v\u00edctimas globales equivale a un incremento del 64% en comparaci\u00f3n al mismo periodo del proceso electoral 2017-2018.<\/p>\n\n\n\n<p>De acuerdo con informaci\u00f3n del sitio informativo \u201cEstado 20\u201d, la entidad que lidera en violencia es Veracruz, con 33 hechos, en los que resultaron 17 personas fallecidas y 16 heridas; mientras que en Oaxaca fueron 25 los incidentes, en los que se reportaron 19 muertos (dos m\u00e1s que en Veraruz) y seis heridos, seg\u00fan expone la asociaci\u00f3n civil Educa.<\/p>\n\n\n\n<p>LOS HECHOS<\/p>\n\n\n\n<p>La reportera de ZONA ROJA, Yuridiana Sosa, hizo un recuento de los hechos m\u00e1s relevantes:<\/p>\n\n\n\n<p>El 20 mayo, la candidata a diputada federal del Partido Encuentro Solidario (PES), Lizeth Z\u00e1rate, denunci\u00f3 que fue v\u00edctima de intimidaciones y amenazas de muerte por medio del saqueo de sus oficinas de campa\u00f1a en la capital del estado, aunque no present\u00f3 mayores evidencias ni a la fecha ha detallado el da\u00f1o.<\/p>\n\n\n\n<p>En tanto, el mismo d\u00eda la candidata a diputada local por el distrito XV, Mar\u00eda Elena Soriano D\u00edaz, de \u201cVa por Oaxaca\u201d \u2013PRI-PAN-PRD- denunci\u00f3 ser v\u00edctima de persecuciones de personas armadas, robo de veh\u00edculo, amenazas a equipo de trabajo.<\/p>\n\n\n\n<p>En conferencia de prensa, la aspirante a la diputaci\u00f3n apunt\u00f3 que los hechos se han registrado en jurisdicci\u00f3n del municipio de Santa Cruz Xoxocotl\u00e1n, uno de los cinco municipios que conforman este distrito.<\/p>\n\n\n\n<p>El 19 mayo, el candidato a edil de Mariscala de Ju\u00e1rez, Oaxaca, Hugo Jairo Hern\u00e1ndez, del PRI, fue atacado a balazos la ma\u00f1ana de ese mi\u00e9rcoles, cuyo saldo es de una menor de edad lesionada.<\/p>\n\n\n\n<p>La semana pasada, el candidato a la presidencia de Juchit\u00e1n de Zaragoza, por Morena, H\u00e9ctor Pineda Santiago, junto a su planilla, denunci\u00f3 que ha recibido amenazas de muerte, afectando a sus familiares, pues indicaron que el 18 de mayo por la madre del candidato, C\u00e1ndida Santiago Jim\u00e9nez, recibi\u00f3 amenazas de muerte en su domicilio particular.<\/p>\n\n\n\n<p>El mi\u00e9rcoles pasado tambi\u00e9n denuncio actos de amenazas de muerte el candidato a la presidencia municipal de Juchit\u00e1n, e la regi\u00f3n del Istmo, por el Partido del Trabajo (PT), Emilio Montero P\u00e9rez.&nbsp; En conferencia denunci\u00f3 que ha recibido llamadas telef\u00f3nicas y mensajes de forma an\u00f3nima, en los que se le advierte que un grupo de personas organiza un ataque armado en su contra; incluso llor\u00f3 frente a la prensa.<\/p>\n\n\n\n<p>El 18 mayo el candidato a la diputaci\u00f3n local en Salina Cruz, en la regi\u00f3n del Istmo, Gerardo Henestrosa, por la alianza \u201cVa por Oaxaca\u201d, denunci\u00f3 en redes sociales que la casa de campa\u00f1a fue vandalizada y robado parte de su equipo y documentaci\u00f3n importante de la Coordinaci\u00f3n de Campa\u00f1a.<\/p>\n\n\n\n<p>La Fiscal\u00eda General de Oaxaca inform\u00f3 que inici\u00f3 la carpeta 16441\/FIST\/SALINA\/2021, por delitos electorales, as\u00ed como robo.<\/p>\n\n\n\n<p>Antes, el 5 mayo, la candidata a la presidencia municipal de Santa Cruz Xoxocotl\u00e1n, por el parido Morena, Tania L\u00f3pez, inform\u00f3 que present\u00f3 una denuncia en la Fiscal\u00eda General del Estado por violencia pol\u00edtica por raz\u00f3n de g\u00e9nero y amenazas.<\/p>\n\n\n\n<p>Mientras que el 4 abril, al inicio de campa\u00f1a, la candidata a diputada local por el distrito 8, con cabecera en Oaxaca de Ju\u00e1rez, Karla Gabriela Jim\u00e9nez Carrasco y su suplente, X\u00f3chitl Karina Pich\u00e9, del Partido Fuerza por M\u00e9xico, interpusieron una denuncia ante la Fiscal\u00eda General de la Rep\u00fablica (FGR), ante la presencia e irrupci\u00f3n de un grupo armado de personas que amenaz\u00f3 y corri\u00f3 a los asistentes durante el arranque de campa\u00f1a en esa madrugada.<\/p>\n\n\n\n<p>Uno de los hechos mortales ocurri\u00f3 el 20 marzo, en que Ivonne Gallegos Carre\u00f1o, precandidata a la presidencia municipal de Ocotl\u00e1n de Morelos por la alianza \u201cVa por Oaxaca\u201d -PRI, PAN, PRD- fue asesinada marzo cuando circulaba en su veh\u00edculo sobre la carretera federal 175 Oaxaca-Puerto \u00c1ngel, en el tramo de Santo Tom\u00e1s Jalieza.<\/p>\n\n\n\n<p>Aunque no relacionado directamente con la pol\u00edtica pero s\u00ed con familiares como aspirantes, uno de ellos a edil y otro a diputado local, el martes 13 de abril fue asesinado Leonardo D\u00edaz Cruz, padre de la dirigente estatal del PAN, Natividad D\u00edaz Jim\u00e9nez.<\/p>\n\n\n\n<p>El 12 de marzo, la precandidata a la presidencia municipal de Zimatl\u00e1n de \u00c1lvarez del partido Morena, Aim\u00e9 Rodr\u00edguez V\u00e1zquez, sufri\u00f3 un atentado en su domicilio con la presunta intenci\u00f3n de hacerla desistir de sus aspiraciones.<\/p>\n\n\n\n<p>\u00bfA D\u00d3NDE VAMOS?<\/p>\n\n\n\n<p>Nadie sabe a d\u00f3nde vamos con tanta violencia en el pa\u00eds y en la entidad, generalizada y focalizada. Pero lo que s\u00ed es un hecho es que hasta ahora el titular de Seguridad P\u00fablica, Heliodoro D\u00edaz Esc\u00e1rraga, no ha sabido responder a las circunstancias.<\/p>\n\n\n\n<p>\u00danicamente un hecho disuasivo ha sido visto durante poco m\u00e1s de un mes de su cargo, el pasado viernes 21 de mayo, contra estudiantes normalistas\u2026 pero porque busc\u00f3 impedir a toda costa que protestaran en la visita de la secretaria de Gobernaci\u00f3n, Olga S\u00e1nchez Cordero.<\/p>\n\n\n\n<p>\u00bfY el fiscal Arturo Peimbert? Tambi\u00e9n, a dos meses en el cargo, no se le ve ning\u00fan resultado; los familiares de las v\u00edctimas han acusado negligencia en la actuaci\u00f3n del fiscal, pese a las denuncias \u2013como fue el caso de Mar\u00eda Elena Soriano&#8211;, mientras que la investigaci\u00f3n sigue en el limbo.<\/p>\n\n\n\n<p>\u00bfA d\u00f3nde vamos? Por el bien de todos, esperemos que los partidos pol\u00edticos y sus contendientes, as\u00ed como las autoridades de los tres niveles de gobierno, se comporten a la altura y prevean cualquier situaci\u00f3n de violencia; que se apliquen y realmente trabajen, porque si no, tendremos elecciones te\u00f1idas de rojo.<\/p>\n","protected":false},"excerpt":{"rendered":"<p>Ismael Garc\u00eda M.\/Zona Roja. Oaxaca logra otro r\u00e9cord a nivel nacional: es la segunda entidad&hellip;<\/p>\n","protected":false},"author":2,"featured_media":7610,"comment_status":"closed","ping_status":"open","sticky":false,"template":"","format":"standard","meta":{"_lmt_disableupdate":"","_lmt_disable":"","_jetpack_memberships_contains_paid_content":false,"footnotes":""},"categories":[456,109,48],"tags":[1353],"class_list":["post-27627","post","type-post","status-publish","format-standard","has-post-thumbnail","hentry","category-columna","category-minuto-a-minuto","category-zona-critica","tag-opinion-zona-critica"],"jetpack_featured_media_url":"https:\/\/zonaroja.com.mx\/wp-content\/uploads\/2020\/01\/Opini\u00f3n-Zona-Cr\u00edtica.jpg","jetpack_sharing_enabled":true,"_links":{"self":[{"href":"https:\/\/zonaroja.com.mx\/index.php?rest_route=\/wp\/v2\/posts\/27627","targetHints":{"allow":["GET"]}}],"collection":[{"href":"https:\/\/zonaroja.com.mx\/index.php?rest_route=\/wp\/v2\/posts"}],"about":[{"href":"https:\/\/zonaroja.com.mx\/index.php?rest_route=\/wp\/v2\/types\/post"}],"author":[{"embeddable":true,"href":"https:\/\/zonaroja.com.mx\/index.php?rest_route=\/wp\/v2\/users\/2"}],"replies":[{"embeddable":true,"href":"https:\/\/zonaroja.com.mx\/index.php?rest_route=%2Fwp%2Fv2%2Fcomments&post=27627"}],"version-history":[{"count":2,"href":"https:\/\/zonaroja.com.mx\/index.php?rest_route=\/wp\/v2\/posts\/27627\/revisions"}],"predecessor-version":[{"id":27629,"href":"https:\/\/zonaroja.com.mx\/index.php?rest_route=\/wp\/v2\/posts\/27627\/revisions\/27629"}],"wp:featuredmedia":[{"embeddable":true,"href":"https:\/\/zonaroja.com.mx\/index.php?rest_route=\/wp\/v2\/media\/7610"}],"wp:attachment":[{"href":"https:\/\/zonaroja.com.mx\/index.php?rest_route=%2Fwp%2Fv2%2Fmedia&parent=27627"}],"wp:term":[{"taxonomy":"category","embeddable":true,"href":"https:\/\/zonaroja.com.mx\/index.php?rest_route=%2Fwp%2Fv2%2Fcategories&post=27627"},{"taxonomy":"post_tag","embeddable":true,"href":"https:\/\/zonaroja.com.mx\/index.php?rest_route=%2Fwp%2Fv2%2Ftags&post=27627"}],"curies":[{"name":"wp","href":"https:\/\/api.w.org\/{rel}","templated":true}]}}